{"id":12792,"date":"2025-08-01T18:25:25","date_gmt":"2025-08-01T22:25:25","guid":{"rendered":"https:\/\/elconquistadorredloslagos.cl\/test\/?p=12792"},"modified":"2025-08-01T18:25:26","modified_gmt":"2025-08-01T22:25:26","slug":"incendio-en-ancud-reduce-vivienda-a-escombros-y-deja-dos-damnificados","status":"publish","type":"post","link":"https:\/\/elconquistadorredloslagos.cl\/test\/blog\/2025\/08\/01\/incendio-en-ancud-reduce-vivienda-a-escombros-y-deja-dos-damnificados\/","title":{"rendered":"Incendio en Ancud reduce vivienda a escombros y deja dos damnificados"},"content":{"rendered":"\n<p>Una vivienda fue consumida por las llamas la ma\u00f1ana de este viernes 1 de agosto en Ancud, espec\u00edficamente en Villa Las Artes en Altos de Caracoles. La emergencia, que moviliz\u00f3 a tres compa\u00f1\u00edas del Cuerpo de Bomberos y un cami\u00f3n cisterna, dej\u00f3 a dos personas damnificadas y provoc\u00f3 la muerte de una mascota.<\/p>\n\n\n\n<p>El siniestro se inici\u00f3 pocos minutos antes de las 10.00 horas, momento en que los equipos de emergencia fueron alertados y acudieron r\u00e1pidamente al lugar. Gracias a la oportuna labor de los voluntarios, se evit\u00f3 que el fuego se propagara a las casas colindantes, conteniendo as\u00ed un posible desastre mayor.<\/p>\n\n\n\n<p>Eduardo D\u00edaz, comandante de Bomberos de Ancud, lament\u00f3 la p\u00e9rdida total del inmueble y confirm\u00f3 que este pertenec\u00eda a familiares de un voluntario de la Quinta Compa\u00f1\u00eda, lo que agreg\u00f3 una carga emocional a la labor de los voluntarios. Al momento del incendio, los residentes no se encontraban en la casa, lo que evit\u00f3 consecuencias humanas m\u00e1s graves.<\/p>\n\n\n\n<figure class=\"wp-block-audio\"><audio controls src=\"https:\/\/elconquistadorredloslagos.cl\/test\/wp-content\/uploads\/2025\/08\/CUNA-INCENDIO-ANCUD.mp3\"><\/audio><\/figure>\n\n\n\n<p>Pese a los esfuerzos desplegados, las llamas arrasaron con la totalidad de los enseres del hogar.<\/p>\n\n\n\n<p>\ud83d\udcf7 Redes sociales<\/p>\n","protected":false},"excerpt":{"rendered":"<p>Una vivienda fue consumida por las llamas la ma\u00f1ana de este viernes 1 de agosto en Ancud, espec\u00edficamente en Villa Las Artes en Altos de Caracoles. La emergencia, que moviliz\u00f3..<\/p>\n","protected":false},"author":2,"featured_media":12794,"comment_status":"closed","ping_status":"open","sticky":false,"template":"","format":"standard","meta":{"footnotes":""},"categories":[1,28,51],"tags":[],"class_list":["post-12792","post","type-post","status-publish","format-standard","has-post-thumbnail","hentry","category-acontecer","category-actual","category-chiloe"],"rttpg_featured_image_url":{"full":["https:\/\/elconquistadorredloslagos.cl\/test\/wp-content\/uploads\/2025\/08\/img-8.jpg",1920,1080,false],"landscape":["https:\/\/elconquistadorredloslagos.cl\/test\/wp-content\/uploads\/2025\/08\/img-8.jpg",1920,1080,false],"portraits":["https:\/\/elconquistadorredloslagos.cl\/test\/wp-content\/uploads\/2025\/08\/img-8.jpg",1920,1080,false],"thumbnail":["https:\/\/elconquistadorredloslagos.cl\/test\/wp-content\/uploads\/2025\/08\/img-8-150x150.jpg",150,150,true],"medium":["https:\/\/elconquistadorredloslagos.cl\/test\/wp-content\/uploads\/2025\/08\/img-8-300x169.jpg",300,169,true],"large":["https:\/\/elconquistadorredloslagos.cl\/test\/wp-content\/uploads\/2025\/08\/img-8-1024x576.jpg",1024,576,true],"1536x1536":["https:\/\/elconquistadorredloslagos.cl\/test\/wp-content\/uploads\/2025\/08\/img-8-1536x864.jpg",1536,864,true],"2048x2048":["https:\/\/elconquistadorredloslagos.cl\/test\/wp-content\/uploads\/2025\/08\/img-8.jpg",1920,1080,false]},"rttpg_author":{"display_name":"ccardenas","author_link":"https:\/\/elconquistadorredloslagos.cl\/test\/blog\/author\/ccardenas\/"},"rttpg_comment":0,"rttpg_category":"<a href=\"https:\/\/elconquistadorredloslagos.cl\/test\/blog\/category\/actual\/acontecer\/\" rel=\"category tag\">Acontecer<\/a> <a href=\"https:\/\/elconquistadorredloslagos.cl\/test\/blog\/category\/actual\/\" rel=\"category tag\">Actualidad<\/a> <a href=\"https:\/\/elconquistadorredloslagos.cl\/test\/blog\/category\/chile\/chiloe\/\" rel=\"category tag\">Chilo\u00e9<\/a>","rttpg_excerpt":"Una vivienda fue consumida por las llamas la ma\u00f1ana de este viernes 1 de agosto en Ancud, espec\u00edficamente en Villa Las Artes en Altos de Caracoles. La emergencia, que moviliz\u00f3..","_links":{"self":[{"href":"https:\/\/elconquistadorredloslagos.cl\/test\/wp-json\/wp\/v2\/posts\/12792","targetHints":{"allow":["GET"]}}],"collection":[{"href":"https:\/\/elconquistadorredloslagos.cl\/test\/wp-json\/wp\/v2\/posts"}],"about":[{"href":"https:\/\/elconquistadorredloslagos.cl\/test\/wp-json\/wp\/v2\/types\/post"}],"author":[{"embeddable":true,"href":"https:\/\/elconquistadorredloslagos.cl\/test\/wp-json\/wp\/v2\/users\/2"}],"replies":[{"embeddable":true,"href":"https:\/\/elconquistadorredloslagos.cl\/test\/wp-json\/wp\/v2\/comments?post=12792"}],"version-history":[{"count":1,"href":"https:\/\/elconquistadorredloslagos.cl\/test\/wp-json\/wp\/v2\/posts\/12792\/revisions"}],"predecessor-version":[{"id":12795,"href":"https:\/\/elconquistadorredloslagos.cl\/test\/wp-json\/wp\/v2\/posts\/12792\/revisions\/12795"}],"wp:featuredmedia":[{"embeddable":true,"href":"https:\/\/elconquistadorredloslagos.cl\/test\/wp-json\/wp\/v2\/media\/12794"}],"wp:attachment":[{"href":"https:\/\/elconquistadorredloslagos.cl\/test\/wp-json\/wp\/v2\/media?parent=12792"}],"wp:term":[{"taxonomy":"category","embeddable":true,"href":"https:\/\/elconquistadorredloslagos.cl\/test\/wp-json\/wp\/v2\/categories?post=12792"},{"taxonomy":"post_tag","embeddable":true,"href":"https:\/\/elconquistadorredloslagos.cl\/test\/wp-json\/wp\/v2\/tags?post=12792"}],"curies":[{"name":"wp","href":"https:\/\/api.w.org\/{rel}","templated":true}]}}