{"id":12781,"date":"2025-08-01T17:53:34","date_gmt":"2025-08-01T21:53:34","guid":{"rendered":"https:\/\/elconquistadorredloslagos.cl\/test\/?p=12781"},"modified":"2025-08-01T17:53:35","modified_gmt":"2025-08-01T21:53:35","slug":"joven-resulta-apunalado-tras-pelea-en-plena-plaza-de-puerto-montt","status":"publish","type":"post","link":"https:\/\/elconquistadorredloslagos.cl\/test\/blog\/2025\/08\/01\/joven-resulta-apunalado-tras-pelea-en-plena-plaza-de-puerto-montt\/","title":{"rendered":"Joven resulta apu\u00f1alado tras pelea en plena plaza de Puerto Montt"},"content":{"rendered":"\n<p>En la tarde de hoy, un enfrentamiento entre adolescentes que vest\u00edan uniforme escolar termin\u00f3 con un joven herido por arma blanca en la plaza de Armas de Puerto Montt, en la esquina de San Mart\u00edn con Antonio Varas.<\/p>\n\n\n\n<p>El altercado comenz\u00f3 afuera del Restaurante Adela, muy cerca de la Delegaci\u00f3n Presidencial Regional. Seg\u00fan testigos, uno de los j\u00f3venes sac\u00f3 un cuchillo y atac\u00f3 al otro, caus\u00e1ndole una lesi\u00f3n corporal. En respuesta, el agredido tambi\u00e9n utiliz\u00f3 un cuchillo, aunque no se reportaron heridas en su contra.<\/p>\n\n\n\n<p>Tras la pelea, uno de los involucrados escap\u00f3 del lugar, mientras que el joven lesionado fue auxiliado por transe\u00fantes y trasladado hasta la entrada de la Delegaci\u00f3n Presidencial, donde esper\u00f3 la llegada de los servicios de emergencia. Equipos de emergencia trasladaron al afectado al Hospital de Puerto Montt para recibir atenci\u00f3n urgente.<\/p>\n\n\n\n<p>\ud83d\udcf7 Referencial<\/p>\n","protected":false},"excerpt":{"rendered":"<p>En la tarde de hoy, un enfrentamiento entre adolescentes que vest\u00edan uniforme escolar termin\u00f3 con un joven herido por arma blanca en la plaza de Armas de Puerto Montt, en..<\/p>\n","protected":false},"author":2,"featured_media":12782,"comment_status":"closed","ping_status":"open","sticky":false,"template":"","format":"standard","meta":{"footnotes":""},"categories":[1,28,56],"tags":[],"class_list":["post-12781","post","type-post","status-publish","format-standard","has-post-thumbnail","hentry","category-acontecer","category-actual","category-puerto-montt"],"rttpg_featured_image_url":{"full":["https:\/\/elconquistadorredloslagos.cl\/test\/wp-content\/uploads\/2025\/08\/img-5.jpg",1920,1080,false],"landscape":["https:\/\/elconquistadorredloslagos.cl\/test\/wp-content\/uploads\/2025\/08\/img-5.jpg",1920,1080,false],"portraits":["https:\/\/elconquistadorredloslagos.cl\/test\/wp-content\/uploads\/2025\/08\/img-5.jpg",1920,1080,false],"thumbnail":["https:\/\/elconquistadorredloslagos.cl\/test\/wp-content\/uploads\/2025\/08\/img-5-150x150.jpg",150,150,true],"medium":["https:\/\/elconquistadorredloslagos.cl\/test\/wp-content\/uploads\/2025\/08\/img-5-300x169.jpg",300,169,true],"large":["https:\/\/elconquistadorredloslagos.cl\/test\/wp-content\/uploads\/2025\/08\/img-5-1024x576.jpg",1024,576,true],"1536x1536":["https:\/\/elconquistadorredloslagos.cl\/test\/wp-content\/uploads\/2025\/08\/img-5-1536x864.jpg",1536,864,true],"2048x2048":["https:\/\/elconquistadorredloslagos.cl\/test\/wp-content\/uploads\/2025\/08\/img-5.jpg",1920,1080,false]},"rttpg_author":{"display_name":"ccardenas","author_link":"https:\/\/elconquistadorredloslagos.cl\/test\/blog\/author\/ccardenas\/"},"rttpg_comment":0,"rttpg_category":"<a href=\"https:\/\/elconquistadorredloslagos.cl\/test\/blog\/category\/actual\/acontecer\/\" rel=\"category tag\">Acontecer<\/a> <a href=\"https:\/\/elconquistadorredloslagos.cl\/test\/blog\/category\/actual\/\" rel=\"category tag\">Actualidad<\/a> <a href=\"https:\/\/elconquistadorredloslagos.cl\/test\/blog\/category\/chile\/puerto-montt\/\" rel=\"category tag\">Puerto Montt<\/a>","rttpg_excerpt":"En la tarde de hoy, un enfrentamiento entre adolescentes que vest\u00edan uniforme escolar termin\u00f3 con un joven herido por arma blanca en la plaza de Armas de Puerto Montt, en..","_links":{"self":[{"href":"https:\/\/elconquistadorredloslagos.cl\/test\/wp-json\/wp\/v2\/posts\/12781","targetHints":{"allow":["GET"]}}],"collection":[{"href":"https:\/\/elconquistadorredloslagos.cl\/test\/wp-json\/wp\/v2\/posts"}],"about":[{"href":"https:\/\/elconquistadorredloslagos.cl\/test\/wp-json\/wp\/v2\/types\/post"}],"author":[{"embeddable":true,"href":"https:\/\/elconquistadorredloslagos.cl\/test\/wp-json\/wp\/v2\/users\/2"}],"replies":[{"embeddable":true,"href":"https:\/\/elconquistadorredloslagos.cl\/test\/wp-json\/wp\/v2\/comments?post=12781"}],"version-history":[{"count":1,"href":"https:\/\/elconquistadorredloslagos.cl\/test\/wp-json\/wp\/v2\/posts\/12781\/revisions"}],"predecessor-version":[{"id":12783,"href":"https:\/\/elconquistadorredloslagos.cl\/test\/wp-json\/wp\/v2\/posts\/12781\/revisions\/12783"}],"wp:featuredmedia":[{"embeddable":true,"href":"https:\/\/elconquistadorredloslagos.cl\/test\/wp-json\/wp\/v2\/media\/12782"}],"wp:attachment":[{"href":"https:\/\/elconquistadorredloslagos.cl\/test\/wp-json\/wp\/v2\/media?parent=12781"}],"wp:term":[{"taxonomy":"category","embeddable":true,"href":"https:\/\/elconquistadorredloslagos.cl\/test\/wp-json\/wp\/v2\/categories?post=12781"},{"taxonomy":"post_tag","embeddable":true,"href":"https:\/\/elconquistadorredloslagos.cl\/test\/wp-json\/wp\/v2\/tags?post=12781"}],"curies":[{"name":"wp","href":"https:\/\/api.w.org\/{rel}","templated":true}]}}