{"id":12772,"date":"2025-08-01T17:19:14","date_gmt":"2025-08-01T21:19:14","guid":{"rendered":"https:\/\/elconquistadorredloslagos.cl\/test\/?p=12772"},"modified":"2025-08-01T17:19:15","modified_gmt":"2025-08-01T21:19:15","slug":"obras-en-calle-ecuador-siguen-detenidas-por-falta-de-recursos-en-puerto-montt","status":"publish","type":"post","link":"https:\/\/elconquistadorredloslagos.cl\/test\/blog\/2025\/08\/01\/obras-en-calle-ecuador-siguen-detenidas-por-falta-de-recursos-en-puerto-montt\/","title":{"rendered":"Obras en calle Ecuador siguen detenidas por falta de recursos en Puerto Montt"},"content":{"rendered":"\n<p>Los trabajos de arreglo de baches en calle Ecuador en pleno centro de Puerto Montt, cumplen casi dos meses paralizados por la necesidad de un aumento en el presupuesto inicial. El tramo entre las calles \u00d1uble e Independencia result\u00f3 tener un nivel de socavamiento mayor al previsto, lo que oblig\u00f3 a suspender las obras.<\/p>\n\n\n\n<p>Seg\u00fan explic\u00f3 el alcalde Rodrigo Wainraihgt, solo al romper el pavimento fue posible conocer la magnitud real del da\u00f1o. La situaci\u00f3n ha generado molestia en los vecinos, quienes esperaron dos d\u00e9cadas para ver avances concretos. <\/p>\n\n\n\n<p>En 2018, el exintendente Harry J\u00fcrgensen anunci\u00f3 mejoras en el marco del plan \u201cCiudades M\u00e1s Humanas\u201d, cuyo financiamiento a\u00fan no se completa. Aunque el Gobierno Regional ya aport\u00f3 m\u00e1s de mil millones de pesos para reparar m\u00faltiples puntos cr\u00edticos en la ciudad, ahora se requiere una inyecci\u00f3n adicional de 400 millones para retomar las obras en Ecuador. <\/p>\n\n\n\n<p>Por ahora, solo se trata de una soluci\u00f3n temporal a la espera del prometido plan estructural.<\/p>\n\n\n\n<p>\ud83d\udcf7 Redes sociales<\/p>\n","protected":false},"excerpt":{"rendered":"<p>Los trabajos de arreglo de baches en calle Ecuador en pleno centro de Puerto Montt, cumplen casi dos meses paralizados por la necesidad de un aumento en el presupuesto inicial&#8230;<\/p>\n","protected":false},"author":2,"featured_media":12773,"comment_status":"closed","ping_status":"open","sticky":false,"template":"","format":"standard","meta":{"footnotes":""},"categories":[1,28,56],"tags":[],"class_list":["post-12772","post","type-post","status-publish","format-standard","has-post-thumbnail","hentry","category-acontecer","category-actual","category-puerto-montt"],"rttpg_featured_image_url":{"full":["https:\/\/elconquistadorredloslagos.cl\/test\/wp-content\/uploads\/2025\/08\/img-2.jpg",1920,1080,false],"landscape":["https:\/\/elconquistadorredloslagos.cl\/test\/wp-content\/uploads\/2025\/08\/img-2.jpg",1920,1080,false],"portraits":["https:\/\/elconquistadorredloslagos.cl\/test\/wp-content\/uploads\/2025\/08\/img-2.jpg",1920,1080,false],"thumbnail":["https:\/\/elconquistadorredloslagos.cl\/test\/wp-content\/uploads\/2025\/08\/img-2-150x150.jpg",150,150,true],"medium":["https:\/\/elconquistadorredloslagos.cl\/test\/wp-content\/uploads\/2025\/08\/img-2-300x169.jpg",300,169,true],"large":["https:\/\/elconquistadorredloslagos.cl\/test\/wp-content\/uploads\/2025\/08\/img-2-1024x576.jpg",1024,576,true],"1536x1536":["https:\/\/elconquistadorredloslagos.cl\/test\/wp-content\/uploads\/2025\/08\/img-2-1536x864.jpg",1536,864,true],"2048x2048":["https:\/\/elconquistadorredloslagos.cl\/test\/wp-content\/uploads\/2025\/08\/img-2.jpg",1920,1080,false]},"rttpg_author":{"display_name":"ccardenas","author_link":"https:\/\/elconquistadorredloslagos.cl\/test\/blog\/author\/ccardenas\/"},"rttpg_comment":0,"rttpg_category":"<a href=\"https:\/\/elconquistadorredloslagos.cl\/test\/blog\/category\/actual\/acontecer\/\" rel=\"category tag\">Acontecer<\/a> <a href=\"https:\/\/elconquistadorredloslagos.cl\/test\/blog\/category\/actual\/\" rel=\"category tag\">Actualidad<\/a> <a href=\"https:\/\/elconquistadorredloslagos.cl\/test\/blog\/category\/chile\/puerto-montt\/\" rel=\"category tag\">Puerto Montt<\/a>","rttpg_excerpt":"Los trabajos de arreglo de baches en calle Ecuador en pleno centro de Puerto Montt, cumplen casi dos meses paralizados por la necesidad de un aumento en el presupuesto inicial...","_links":{"self":[{"href":"https:\/\/elconquistadorredloslagos.cl\/test\/wp-json\/wp\/v2\/posts\/12772","targetHints":{"allow":["GET"]}}],"collection":[{"href":"https:\/\/elconquistadorredloslagos.cl\/test\/wp-json\/wp\/v2\/posts"}],"about":[{"href":"https:\/\/elconquistadorredloslagos.cl\/test\/wp-json\/wp\/v2\/types\/post"}],"author":[{"embeddable":true,"href":"https:\/\/elconquistadorredloslagos.cl\/test\/wp-json\/wp\/v2\/users\/2"}],"replies":[{"embeddable":true,"href":"https:\/\/elconquistadorredloslagos.cl\/test\/wp-json\/wp\/v2\/comments?post=12772"}],"version-history":[{"count":1,"href":"https:\/\/elconquistadorredloslagos.cl\/test\/wp-json\/wp\/v2\/posts\/12772\/revisions"}],"predecessor-version":[{"id":12774,"href":"https:\/\/elconquistadorredloslagos.cl\/test\/wp-json\/wp\/v2\/posts\/12772\/revisions\/12774"}],"wp:featuredmedia":[{"embeddable":true,"href":"https:\/\/elconquistadorredloslagos.cl\/test\/wp-json\/wp\/v2\/media\/12773"}],"wp:attachment":[{"href":"https:\/\/elconquistadorredloslagos.cl\/test\/wp-json\/wp\/v2\/media?parent=12772"}],"wp:term":[{"taxonomy":"category","embeddable":true,"href":"https:\/\/elconquistadorredloslagos.cl\/test\/wp-json\/wp\/v2\/categories?post=12772"},{"taxonomy":"post_tag","embeddable":true,"href":"https:\/\/elconquistadorredloslagos.cl\/test\/wp-json\/wp\/v2\/tags?post=12772"}],"curies":[{"name":"wp","href":"https:\/\/api.w.org\/{rel}","templated":true}]}}