{"id":12769,"date":"2025-08-01T17:13:57","date_gmt":"2025-08-01T21:13:57","guid":{"rendered":"https:\/\/elconquistadorredloslagos.cl\/test\/?p=12769"},"modified":"2025-08-01T17:13:58","modified_gmt":"2025-08-01T21:13:58","slug":"emergencia-electrica-en-mall-de-osorno-obligo-intervencion-de-bomberos","status":"publish","type":"post","link":"https:\/\/elconquistadorredloslagos.cl\/test\/blog\/2025\/08\/01\/emergencia-electrica-en-mall-de-osorno-obligo-intervencion-de-bomberos\/","title":{"rendered":"Emergencia el\u00e9ctrica en mall de Osorno oblig\u00f3 intervenci\u00f3n de Bomberos"},"content":{"rendered":"\n<p>Una emergencia registrada durante la tarde de este viernes en el segundo piso de un centro comercial de Osorno, ubicado en Plazuela Yungay, provoc\u00f3 la evacuaci\u00f3n preventiva de parte de los trabajadores del recinto.<\/p>\n\n\n\n<p>El incidente se produjo pasadas las 13.00 horas, cuando una densa humareda comenz\u00f3 a salir desde las bodegas de uno de los locales comerciales, lo que gener\u00f3 preocupaci\u00f3n entre los presentes y motiv\u00f3 la r\u00e1pida respuesta de los equipos de emergencia.<\/p>\n\n\n\n<p>Hasta el lugar concurrieron cerca de 50 voluntarios del Cuerpo de Bomberos de Osorno. El comandante Javier Rupertus confirm\u00f3 que el origen del siniestro fue una falla en el sistema el\u00e9ctrico del inmueble. \u201cAfortunadamente la situaci\u00f3n fue controlada de forma oportuna, sin mayores complicaciones\u201d, se\u00f1al\u00f3.<\/p>\n\n\n\n<p>El foco de la emergencia se ubic\u00f3 en el sector de acceso por las calles Juan Mackenna y Arturo Prat. Personal de Carabineros debi\u00f3 intervenir para desviar el tr\u00e1nsito vehicular, facilitando el trabajo de los equipos desplegados en la zona.<\/p>\n\n\n\n<p>\ud83d\udcf7 Redes sociales<\/p>\n","protected":false},"excerpt":{"rendered":"<p>Una emergencia registrada durante la tarde de este viernes en el segundo piso de un centro comercial de Osorno, ubicado en Plazuela Yungay, provoc\u00f3 la evacuaci\u00f3n preventiva de parte de..<\/p>\n","protected":false},"author":2,"featured_media":12770,"comment_status":"closed","ping_status":"open","sticky":false,"template":"","format":"standard","meta":{"footnotes":""},"categories":[1,28,55],"tags":[],"class_list":["post-12769","post","type-post","status-publish","format-standard","has-post-thumbnail","hentry","category-acontecer","category-actual","category-osorno"],"rttpg_featured_image_url":{"full":["https:\/\/elconquistadorredloslagos.cl\/test\/wp-content\/uploads\/2025\/08\/img-1.jpg",1920,1080,false],"landscape":["https:\/\/elconquistadorredloslagos.cl\/test\/wp-content\/uploads\/2025\/08\/img-1.jpg",1920,1080,false],"portraits":["https:\/\/elconquistadorredloslagos.cl\/test\/wp-content\/uploads\/2025\/08\/img-1.jpg",1920,1080,false],"thumbnail":["https:\/\/elconquistadorredloslagos.cl\/test\/wp-content\/uploads\/2025\/08\/img-1-150x150.jpg",150,150,true],"medium":["https:\/\/elconquistadorredloslagos.cl\/test\/wp-content\/uploads\/2025\/08\/img-1-300x169.jpg",300,169,true],"large":["https:\/\/elconquistadorredloslagos.cl\/test\/wp-content\/uploads\/2025\/08\/img-1-1024x576.jpg",1024,576,true],"1536x1536":["https:\/\/elconquistadorredloslagos.cl\/test\/wp-content\/uploads\/2025\/08\/img-1-1536x864.jpg",1536,864,true],"2048x2048":["https:\/\/elconquistadorredloslagos.cl\/test\/wp-content\/uploads\/2025\/08\/img-1.jpg",1920,1080,false]},"rttpg_author":{"display_name":"ccardenas","author_link":"https:\/\/elconquistadorredloslagos.cl\/test\/blog\/author\/ccardenas\/"},"rttpg_comment":0,"rttpg_category":"<a href=\"https:\/\/elconquistadorredloslagos.cl\/test\/blog\/category\/actual\/acontecer\/\" rel=\"category tag\">Acontecer<\/a> <a href=\"https:\/\/elconquistadorredloslagos.cl\/test\/blog\/category\/actual\/\" rel=\"category tag\">Actualidad<\/a> <a href=\"https:\/\/elconquistadorredloslagos.cl\/test\/blog\/category\/chile\/osorno\/\" rel=\"category tag\">Osorno<\/a>","rttpg_excerpt":"Una emergencia registrada durante la tarde de este viernes en el segundo piso de un centro comercial de Osorno, ubicado en Plazuela Yungay, provoc\u00f3 la evacuaci\u00f3n preventiva de parte de..","_links":{"self":[{"href":"https:\/\/elconquistadorredloslagos.cl\/test\/wp-json\/wp\/v2\/posts\/12769","targetHints":{"allow":["GET"]}}],"collection":[{"href":"https:\/\/elconquistadorredloslagos.cl\/test\/wp-json\/wp\/v2\/posts"}],"about":[{"href":"https:\/\/elconquistadorredloslagos.cl\/test\/wp-json\/wp\/v2\/types\/post"}],"author":[{"embeddable":true,"href":"https:\/\/elconquistadorredloslagos.cl\/test\/wp-json\/wp\/v2\/users\/2"}],"replies":[{"embeddable":true,"href":"https:\/\/elconquistadorredloslagos.cl\/test\/wp-json\/wp\/v2\/comments?post=12769"}],"version-history":[{"count":1,"href":"https:\/\/elconquistadorredloslagos.cl\/test\/wp-json\/wp\/v2\/posts\/12769\/revisions"}],"predecessor-version":[{"id":12771,"href":"https:\/\/elconquistadorredloslagos.cl\/test\/wp-json\/wp\/v2\/posts\/12769\/revisions\/12771"}],"wp:featuredmedia":[{"embeddable":true,"href":"https:\/\/elconquistadorredloslagos.cl\/test\/wp-json\/wp\/v2\/media\/12770"}],"wp:attachment":[{"href":"https:\/\/elconquistadorredloslagos.cl\/test\/wp-json\/wp\/v2\/media?parent=12769"}],"wp:term":[{"taxonomy":"category","embeddable":true,"href":"https:\/\/elconquistadorredloslagos.cl\/test\/wp-json\/wp\/v2\/categories?post=12769"},{"taxonomy":"post_tag","embeddable":true,"href":"https:\/\/elconquistadorredloslagos.cl\/test\/wp-json\/wp\/v2\/tags?post=12769"}],"curies":[{"name":"wp","href":"https:\/\/api.w.org\/{rel}","templated":true}]}}