{"id":12765,"date":"2025-08-01T17:09:43","date_gmt":"2025-08-01T21:09:43","guid":{"rendered":"https:\/\/elconquistadorredloslagos.cl\/test\/?p=12765"},"modified":"2025-08-01T17:09:44","modified_gmt":"2025-08-01T21:09:44","slug":"comienza-proceso-para-implementar-pago-electronico-en-el-transporte-publico-de-los-lagos","status":"publish","type":"post","link":"https:\/\/elconquistadorredloslagos.cl\/test\/blog\/2025\/08\/01\/comienza-proceso-para-implementar-pago-electronico-en-el-transporte-publico-de-los-lagos\/","title":{"rendered":"Comienza proceso para implementar pago electr\u00f3nico en el transporte p\u00fablico de Los Lagos"},"content":{"rendered":"\n<p>Un cambio radical en la forma de pagar el transporte p\u00fablico se avecina para las regiones de Los R\u00edos y Los Lagos. A partir del segundo semestre de 2026 comenzar\u00e1 a operar un sistema de recaudo electr\u00f3nico que eliminar\u00e1 progresivamente el uso de efectivo, mejorando la seguridad y la experiencia de viaje.<\/p>\n\n\n\n<p>La iniciativa permitir\u00e1 pagar el pasaje mediante tarjetas de transporte, tarjetas bancarias (cr\u00e9dito, d\u00e9bito y prepago), c\u00f3digos QR y billeteras electr\u00f3nicas. El ministro (s) de Transportes, Jorge Daza, explic\u00f3 que este avance busca mayor eficiencia y comodidad para los usuarios.<\/p>\n\n\n\n<figure class=\"wp-block-audio\"><audio controls src=\"https:\/\/elconquistadorredloslagos.cl\/test\/wp-content\/uploads\/2025\/08\/CUNA-TRANSPORTES.mp3\"><\/audio><\/figure>\n\n\n\n<p>La licitaci\u00f3n del nuevo sistema se abrir\u00e1 durante el segundo semestre de 2025 y contempla la instalaci\u00f3n de validadores inteligentes en buses, junto con 339 puntos de carga y centros de atenci\u00f3n en Valdivia, Osorno, Puerto Montt, Castro y Quell\u00f3n.<\/p>\n\n\n\n<p>Adem\u00e1s, el sistema aplicar\u00e1 tarifas diferenciadas: adultos mayores tendr\u00e1n un 50% de descuento con tarjeta personalizada y los estudiantes un 33% a trav\u00e9s de la TNE. La marcha blanca iniciar\u00e1 en el segundo trimestre de 2026 y culminar\u00e1 con la eliminaci\u00f3n total del pago en efectivo a fines de ese mismo a\u00f1o.<\/p>\n\n\n\n<p>\ud83d\udcf7 Referencial<\/p>\n","protected":false},"excerpt":{"rendered":"<p>Un cambio radical en la forma de pagar el transporte p\u00fablico se avecina para las regiones de Los R\u00edos y Los Lagos. A partir del segundo semestre de 2026 comenzar\u00e1..<\/p>\n","protected":false},"author":2,"featured_media":12767,"comment_status":"closed","ping_status":"open","sticky":false,"template":"","format":"standard","meta":{"footnotes":""},"categories":[1,28,51,54,52,55,56],"tags":[],"class_list":["post-12765","post","type-post","status-publish","format-standard","has-post-thumbnail","hentry","category-acontecer","category-actual","category-chiloe","category-lago-llanquihue","category-chile","category-osorno","category-puerto-montt"],"rttpg_featured_image_url":{"full":["https:\/\/elconquistadorredloslagos.cl\/test\/wp-content\/uploads\/2025\/08\/img.jpg",1920,1080,false],"landscape":["https:\/\/elconquistadorredloslagos.cl\/test\/wp-content\/uploads\/2025\/08\/img.jpg",1920,1080,false],"portraits":["https:\/\/elconquistadorredloslagos.cl\/test\/wp-content\/uploads\/2025\/08\/img.jpg",1920,1080,false],"thumbnail":["https:\/\/elconquistadorredloslagos.cl\/test\/wp-content\/uploads\/2025\/08\/img-150x150.jpg",150,150,true],"medium":["https:\/\/elconquistadorredloslagos.cl\/test\/wp-content\/uploads\/2025\/08\/img-300x169.jpg",300,169,true],"large":["https:\/\/elconquistadorredloslagos.cl\/test\/wp-content\/uploads\/2025\/08\/img-1024x576.jpg",1024,576,true],"1536x1536":["https:\/\/elconquistadorredloslagos.cl\/test\/wp-content\/uploads\/2025\/08\/img-1536x864.jpg",1536,864,true],"2048x2048":["https:\/\/elconquistadorredloslagos.cl\/test\/wp-content\/uploads\/2025\/08\/img.jpg",1920,1080,false]},"rttpg_author":{"display_name":"ccardenas","author_link":"https:\/\/elconquistadorredloslagos.cl\/test\/blog\/author\/ccardenas\/"},"rttpg_comment":0,"rttpg_category":"<a href=\"https:\/\/elconquistadorredloslagos.cl\/test\/blog\/category\/actual\/acontecer\/\" rel=\"category tag\">Acontecer<\/a> <a href=\"https:\/\/elconquistadorredloslagos.cl\/test\/blog\/category\/actual\/\" rel=\"category tag\">Actualidad<\/a> <a href=\"https:\/\/elconquistadorredloslagos.cl\/test\/blog\/category\/chile\/chiloe\/\" rel=\"category tag\">Chilo\u00e9<\/a> <a href=\"https:\/\/elconquistadorredloslagos.cl\/test\/blog\/category\/chile\/lago-llanquihue\/\" rel=\"category tag\">Lago LLanquihue<\/a> <a href=\"https:\/\/elconquistadorredloslagos.cl\/test\/blog\/category\/chile\/\" rel=\"category tag\">Nacional<\/a> <a href=\"https:\/\/elconquistadorredloslagos.cl\/test\/blog\/category\/chile\/osorno\/\" rel=\"category tag\">Osorno<\/a> <a href=\"https:\/\/elconquistadorredloslagos.cl\/test\/blog\/category\/chile\/puerto-montt\/\" rel=\"category tag\">Puerto Montt<\/a>","rttpg_excerpt":"Un cambio radical en la forma de pagar el transporte p\u00fablico se avecina para las regiones de Los R\u00edos y Los Lagos. A partir del segundo semestre de 2026 comenzar\u00e1..","_links":{"self":[{"href":"https:\/\/elconquistadorredloslagos.cl\/test\/wp-json\/wp\/v2\/posts\/12765","targetHints":{"allow":["GET"]}}],"collection":[{"href":"https:\/\/elconquistadorredloslagos.cl\/test\/wp-json\/wp\/v2\/posts"}],"about":[{"href":"https:\/\/elconquistadorredloslagos.cl\/test\/wp-json\/wp\/v2\/types\/post"}],"author":[{"embeddable":true,"href":"https:\/\/elconquistadorredloslagos.cl\/test\/wp-json\/wp\/v2\/users\/2"}],"replies":[{"embeddable":true,"href":"https:\/\/elconquistadorredloslagos.cl\/test\/wp-json\/wp\/v2\/comments?post=12765"}],"version-history":[{"count":1,"href":"https:\/\/elconquistadorredloslagos.cl\/test\/wp-json\/wp\/v2\/posts\/12765\/revisions"}],"predecessor-version":[{"id":12768,"href":"https:\/\/elconquistadorredloslagos.cl\/test\/wp-json\/wp\/v2\/posts\/12765\/revisions\/12768"}],"wp:featuredmedia":[{"embeddable":true,"href":"https:\/\/elconquistadorredloslagos.cl\/test\/wp-json\/wp\/v2\/media\/12767"}],"wp:attachment":[{"href":"https:\/\/elconquistadorredloslagos.cl\/test\/wp-json\/wp\/v2\/media?parent=12765"}],"wp:term":[{"taxonomy":"category","embeddable":true,"href":"https:\/\/elconquistadorredloslagos.cl\/test\/wp-json\/wp\/v2\/categories?post=12765"},{"taxonomy":"post_tag","embeddable":true,"href":"https:\/\/elconquistadorredloslagos.cl\/test\/wp-json\/wp\/v2\/tags?post=12765"}],"curies":[{"name":"wp","href":"https:\/\/api.w.org\/{rel}","templated":true}]}}