{"id":12750,"date":"2025-07-28T10:56:29","date_gmt":"2025-07-28T14:56:29","guid":{"rendered":"https:\/\/elconquistadorredloslagos.cl\/test\/?p=12750"},"modified":"2025-08-01T11:00:08","modified_gmt":"2025-08-01T15:00:08","slug":"temporales-internacionales-de-teatro-cerraron-su-edicion-36-con-homenaje-a-compania-azulteatro-y-emotiva-ovacion-del-publico","status":"publish","type":"post","link":"https:\/\/elconquistadorredloslagos.cl\/test\/blog\/2025\/07\/28\/temporales-internacionales-de-teatro-cerraron-su-edicion-36-con-homenaje-a-compania-azulteatro-y-emotiva-ovacion-del-publico\/","title":{"rendered":"Temporales Internacionales de Teatro cerraron su edici\u00f3n 36 con homenaje a compa\u00f1\u00eda AzulTeatro y emotiva ovaci\u00f3n del p\u00fablico"},"content":{"rendered":"\n<p>Con la sala principal de la Casa del Arte Diego Rivera repleta, y entre ovaciones y emoci\u00f3n, concluy\u00f3 la trig\u00e9sima sexta edici\u00f3n de los <strong>Temporales Internacionales de Teatro de Puerto Montt<\/strong>. El cierre del festival tuvo lugar la noche del s\u00e1bado 26 de julio con la presentaci\u00f3n de la obra \u201cDespertar de Tierra\u201d, a cargo de la compa\u00f1\u00eda curicana <strong>Cuervos de Pantano<\/strong>, coronando as\u00ed 23 d\u00edas ininterrumpidos de funciones en diversos escenarios de la regi\u00f3n.<\/p>\n\n\n\n<p>La jornada tambi\u00e9n estuvo marcada por un emotivo momento: el <strong>reconocimiento a la compa\u00f1\u00eda puertomontina AzulTeatro<\/strong>, que este 2024 celebra 30 a\u00f1os de trayectoria dedicada al teatro familiar e infantil. Previo a la funci\u00f3n final, la <strong>Corporaci\u00f3n Cultural de Puerto Montt (CCPM)<\/strong> hizo entrega del <strong>Premio a la Trayectoria<\/strong> a sus fundadoras, <strong>Lorena Briones y Carolina Gallardo<\/strong>, quienes fueron aplaudidas de pie por el p\u00fablico. Cabe destacar que durante esta edici\u00f3n del festival tambi\u00e9n se reconoci\u00f3 con este galard\u00f3n a las destacadas actrices nacionales <strong>Patricia Cuyul<\/strong> y <strong>Consuelo Holzapfel<\/strong>, por su invaluable aporte a las artes esc\u00e9nicas.<\/p>\n\n\n\n<h3 class=\"wp-block-heading\">\u201cUn acto de justicia cultural\u201d<\/h3>\n\n\n\n<p>Mario Barrientos, director ejecutivo (i) de la CCPM, valor\u00f3 profundamente el reconocimiento a AzulTeatro:<\/p>\n\n\n\n<blockquote class=\"wp-block-quote is-layout-flow wp-block-quote-is-layout-flow\">\n<p>\u201cNo es solo premiar una carrera de m\u00e1s de tres d\u00e9cadas; es celebrar a los pioneros del teatro familiar en Puerto Montt. Han formado generaciones de artistas y de p\u00fablicos. Este premio es un acto de justicia y un profundo agradecimiento de toda la ciudad a su incansable labor y a su inmenso talento\u201d.<\/p>\n<\/blockquote>\n\n\n\n<p>Visiblemente emocionada, <strong>Lorena Briones<\/strong> dedic\u00f3 el reconocimiento a su familia y destac\u00f3 el valor del trabajo con las infancias:<\/p>\n\n\n\n<blockquote class=\"wp-block-quote is-layout-flow wp-block-quote-is-layout-flow\">\n<p>\u201cHe ido a muchos lugares, rurales y urbanos, y lo que me mueve es la energ\u00eda de los ni\u00f1os, su espontaneidad. El teatro me ha ense\u00f1ado a leer las emociones, y ver sus sonrisas es lo m\u00e1s gratificante\u201d.<\/p>\n<\/blockquote>\n\n\n\n<h3 class=\"wp-block-heading\">Un cierre m\u00e1gico: \u201cDespertar de Tierra\u201d<\/h3>\n\n\n\n<p>La obra de clausura, \u201cDespertar de Tierra\u201d, combin\u00f3 juglar\u00eda, comedia, m\u00fasica en vivo y relatos ancestrales del Maule, transportando al p\u00fablico a un universo lleno de s\u00edmbolos, m\u00e1scaras y escenograf\u00eda transformable. El montaje invita a reflexionar sobre la memoria colectiva y el poder de las ra\u00edces.<\/p>\n\n\n\n<p><strong>Andr\u00e9s Saavedra<\/strong>, director de Cuervos de Pantano, agradeci\u00f3 emocionado:<\/p>\n\n\n\n<blockquote class=\"wp-block-quote is-layout-flow wp-block-quote-is-layout-flow\">\n<p>\u201cCerrar esta edici\u00f3n ha sido la culminaci\u00f3n de un sue\u00f1o. El cari\u00f1o del p\u00fablico nos confirma que la magia del teatro est\u00e1 m\u00e1s viva que nunca\u201d.<\/p>\n<\/blockquote>\n\n\n\n<h3 class=\"wp-block-heading\">Un balance positivo y asistencia r\u00e9cord<\/h3>\n\n\n\n<p>El balance del festival fue calificado como <strong>\u201cextraordinariamente positivo\u201d<\/strong> por la organizaci\u00f3n. M\u00e1s de <strong>11.000 personas asistieron a las 35 funciones<\/strong> programadas, tanto en la Casa del Arte Diego Rivera como en otros puntos de Puerto Montt y comunas cercanas.<\/p>\n\n\n\n<p>Las cifras dan cuenta del impacto cultural:<\/p>\n\n\n\n<ul class=\"wp-block-list\">\n<li>Diego Rivera: 9.910 asistentes<\/li>\n\n\n\n<li>Alerce: 235<\/li>\n\n\n\n<li>Mirasol: 600<\/li>\n\n\n\n<li>Hospital de Puerto Montt: 483<\/li>\n\n\n\n<li>Salto Chico: 22<\/li>\n\n\n\n<li>Calbuco: 84<\/li>\n\n\n\n<li>Puerto Varas: 84<\/li>\n<\/ul>\n\n\n\n<p>Adem\u00e1s, se realizaron <strong>tres talleres<\/strong> para trabajadores de las artes esc\u00e9nicas con 48 participantes, una <strong>Escuela de espectadores<\/strong> con 12 personas, y una <strong>fase infantil previa<\/strong> donde 224 ni\u00f1os y ni\u00f1as disfrutaron de teatro en la sala Mafalda Mora.<\/p>\n\n\n\n<blockquote class=\"wp-block-quote is-layout-flow wp-block-quote-is-layout-flow\">\n<p>\u201cEl \u00e9xito de estos Temporales reafirma que la cultura es esencial para el alma de nuestra comunidad\u201d, concluy\u00f3 Mario Barrientos. \u201cAgradecemos a las compa\u00f1\u00edas, al p\u00fablico y al equipo. \u00a1Nos vemos en 2026 para seguir viviendo la magia del teatro en Puerto Montt!\u201d.<\/p>\n<\/blockquote>\n\n\n\n<p>Los Temporales Internacionales de Teatro fueron organizados por la <strong>Corporaci\u00f3n Cultural de Puerto Montt<\/strong>, con financiamiento del <strong>Fondo de Artes Esc\u00e9nicas del Ministerio de las Culturas, las Artes y el Patrimonio<\/strong> y el respaldo de la <strong>Municipalidad de Puerto Montt<\/strong>.<\/p>\n\n\n\n<p><\/p>\n","protected":false},"excerpt":{"rendered":"<p>Con la sala principal de la Casa del Arte Diego Rivera repleta, y entre ovaciones y emoci\u00f3n, concluy\u00f3 la trig\u00e9sima sexta edici\u00f3n de los Temporales Internacionales de Teatro de Puerto..<\/p>\n","protected":false},"author":7,"featured_media":12751,"comment_status":"closed","ping_status":"open","sticky":false,"template":"","format":"standard","meta":{"footnotes":""},"categories":[28],"tags":[],"class_list":["post-12750","post","type-post","status-publish","format-standard","has-post-thumbnail","hentry","category-actual"],"rttpg_featured_image_url":{"full":["https:\/\/elconquistadorredloslagos.cl\/test\/wp-content\/uploads\/2025\/08\/temporales-de-teatro-puerto-montt.png",1920,1080,false],"landscape":["https:\/\/elconquistadorredloslagos.cl\/test\/wp-content\/uploads\/2025\/08\/temporales-de-teatro-puerto-montt.png",1920,1080,false],"portraits":["https:\/\/elconquistadorredloslagos.cl\/test\/wp-content\/uploads\/2025\/08\/temporales-de-teatro-puerto-montt.png",1920,1080,false],"thumbnail":["https:\/\/elconquistadorredloslagos.cl\/test\/wp-content\/uploads\/2025\/08\/temporales-de-teatro-puerto-montt-150x150.png",150,150,true],"medium":["https:\/\/elconquistadorredloslagos.cl\/test\/wp-content\/uploads\/2025\/08\/temporales-de-teatro-puerto-montt-300x169.png",300,169,true],"large":["https:\/\/elconquistadorredloslagos.cl\/test\/wp-content\/uploads\/2025\/08\/temporales-de-teatro-puerto-montt-1024x576.png",1024,576,true],"1536x1536":["https:\/\/elconquistadorredloslagos.cl\/test\/wp-content\/uploads\/2025\/08\/temporales-de-teatro-puerto-montt-1536x864.png",1536,864,true],"2048x2048":["https:\/\/elconquistadorredloslagos.cl\/test\/wp-content\/uploads\/2025\/08\/temporales-de-teatro-puerto-montt.png",1920,1080,false]},"rttpg_author":{"display_name":"enzodelahoz1988","author_link":"https:\/\/elconquistadorredloslagos.cl\/test\/blog\/author\/enzodelahoz1988\/"},"rttpg_comment":0,"rttpg_category":"<a href=\"https:\/\/elconquistadorredloslagos.cl\/test\/blog\/category\/actual\/\" rel=\"category tag\">Actualidad<\/a>","rttpg_excerpt":"Con la sala principal de la Casa del Arte Diego Rivera repleta, y entre ovaciones y emoci\u00f3n, concluy\u00f3 la trig\u00e9sima sexta edici\u00f3n de los Temporales Internacionales de Teatro de Puerto..","_links":{"self":[{"href":"https:\/\/elconquistadorredloslagos.cl\/test\/wp-json\/wp\/v2\/posts\/12750","targetHints":{"allow":["GET"]}}],"collection":[{"href":"https:\/\/elconquistadorredloslagos.cl\/test\/wp-json\/wp\/v2\/posts"}],"about":[{"href":"https:\/\/elconquistadorredloslagos.cl\/test\/wp-json\/wp\/v2\/types\/post"}],"author":[{"embeddable":true,"href":"https:\/\/elconquistadorredloslagos.cl\/test\/wp-json\/wp\/v2\/users\/7"}],"replies":[{"embeddable":true,"href":"https:\/\/elconquistadorredloslagos.cl\/test\/wp-json\/wp\/v2\/comments?post=12750"}],"version-history":[{"count":1,"href":"https:\/\/elconquistadorredloslagos.cl\/test\/wp-json\/wp\/v2\/posts\/12750\/revisions"}],"predecessor-version":[{"id":12752,"href":"https:\/\/elconquistadorredloslagos.cl\/test\/wp-json\/wp\/v2\/posts\/12750\/revisions\/12752"}],"wp:featuredmedia":[{"embeddable":true,"href":"https:\/\/elconquistadorredloslagos.cl\/test\/wp-json\/wp\/v2\/media\/12751"}],"wp:attachment":[{"href":"https:\/\/elconquistadorredloslagos.cl\/test\/wp-json\/wp\/v2\/media?parent=12750"}],"wp:term":[{"taxonomy":"category","embeddable":true,"href":"https:\/\/elconquistadorredloslagos.cl\/test\/wp-json\/wp\/v2\/categories?post=12750"},{"taxonomy":"post_tag","embeddable":true,"href":"https:\/\/elconquistadorredloslagos.cl\/test\/wp-json\/wp\/v2\/tags?post=12750"}],"curies":[{"name":"wp","href":"https:\/\/api.w.org\/{rel}","templated":true}]}}