{"id":12738,"date":"2025-07-31T19:50:51","date_gmt":"2025-07-31T23:50:51","guid":{"rendered":"https:\/\/elconquistadorredloslagos.cl\/test\/?p=12738"},"modified":"2025-07-31T19:50:52","modified_gmt":"2025-07-31T23:50:52","slug":"sernapesca-lanza-veda-nacional-de-la-merluza-austral-con-llamado-a-respetar-su-periodo-de-reproduccion","status":"publish","type":"post","link":"https:\/\/elconquistadorredloslagos.cl\/test\/blog\/2025\/07\/31\/sernapesca-lanza-veda-nacional-de-la-merluza-austral-con-llamado-a-respetar-su-periodo-de-reproduccion\/","title":{"rendered":"SERNAPESCA lanza veda nacional de la merluza austral con llamado a respetar su periodo de reproducci\u00f3n"},"content":{"rendered":"\n<p>Desde la tradicional Feria Rahue en Osorno, el Servicio Nacional de Pesca y Acuicultura (SERNAPESCA) dio inicio a la veda biol\u00f3gica de la merluza austral, medida que rige durante todo el mes de agosto y busca proteger a una de las especies m\u00e1s emblem\u00e1ticas del sur de Chile en su etapa peak de reproducci\u00f3n.<\/p>\n\n\n\n<p>Bajo el lema \u201cPara que no se agote, tiene que pasar agosto\u201d, la campa\u00f1a busca sensibilizar a comerciantes y consumidores sobre la importancia de respetar la prohibici\u00f3n de extracci\u00f3n, comercializaci\u00f3n, procesamiento y transporte del recurso en estado fresco, entre las regiones de Los Lagos y Magallanes.<\/p>\n\n\n\n<p>El subdirector nacional de pesquer\u00edas de Sernapesca, Pablo Ortiz, junto a autoridades regionales, recorri\u00f3 los puestos de venta para informar sobre la medida y fiscalizar el cumplimiento de la normativa. Solo se podr\u00e1 vender merluza austral adquirida legalmente hasta el 3 de agosto.<\/p>\n\n\n\n<figure class=\"wp-block-audio\"><audio controls src=\"https:\/\/elconquistadorredloslagos.cl\/test\/wp-content\/uploads\/2025\/07\/CUNA-SERNAPESCA.mp3\"><\/audio><\/figure>\n\n\n\n<p>Ver\u00f3nica Ascencio, presidenta de la Agrupaci\u00f3n de Comerciantes de la Feria Rahue, destac\u00f3 el valor de la veda como una medida necesaria para asegurar la sustentabilidad del recurso.<\/p>\n\n\n\n<figure class=\"wp-block-audio\"><audio controls src=\"https:\/\/elconquistadorredloslagos.cl\/test\/wp-content\/uploads\/2025\/07\/CUNA-COMERCIANTE-1.mp3\"><\/audio><\/figure>\n\n\n\n<p>Luis C\u00e1rdenas, delegado de la secci\u00f3n pescader\u00eda de la Feria Rahue, hizo hincapi\u00e9 en que respetar la veda es proteger el sustento de miles de familias.<\/p>\n\n\n\n<figure class=\"wp-block-audio\"><audio controls src=\"https:\/\/elconquistadorredloslagos.cl\/test\/wp-content\/uploads\/2025\/07\/CUNA-COMERCIANTE-2.mp3\"><\/audio><\/figure>\n\n\n\n<p>Durante 2024 se desembarcaron legalmente 17 mil 781 toneladas del recurso a nivel nacional, mientras que m\u00e1s de 24 toneladas fueron incautadas por su origen ilegal. Sernapesca reitera el llamado a denunciar irregularidades al 800 320 032.<\/p>\n","protected":false},"excerpt":{"rendered":"<p>Desde la tradicional Feria Rahue en Osorno, el Servicio Nacional de Pesca y Acuicultura (SERNAPESCA) dio inicio a la veda biol\u00f3gica de la merluza austral, medida que rige durante todo..<\/p>\n","protected":false},"author":2,"featured_media":12742,"comment_status":"closed","ping_status":"open","sticky":false,"template":"","format":"standard","meta":{"footnotes":""},"categories":[28],"tags":[],"class_list":["post-12738","post","type-post","status-publish","format-standard","has-post-thumbnail","hentry","category-actual"],"rttpg_featured_image_url":{"full":["https:\/\/elconquistadorredloslagos.cl\/test\/wp-content\/uploads\/2025\/07\/Sin-titulo-1-5.jpg",1920,1080,false],"landscape":["https:\/\/elconquistadorredloslagos.cl\/test\/wp-content\/uploads\/2025\/07\/Sin-titulo-1-5.jpg",1920,1080,false],"portraits":["https:\/\/elconquistadorredloslagos.cl\/test\/wp-content\/uploads\/2025\/07\/Sin-titulo-1-5.jpg",1920,1080,false],"thumbnail":["https:\/\/elconquistadorredloslagos.cl\/test\/wp-content\/uploads\/2025\/07\/Sin-titulo-1-5-150x150.jpg",150,150,true],"medium":["https:\/\/elconquistadorredloslagos.cl\/test\/wp-content\/uploads\/2025\/07\/Sin-titulo-1-5-300x169.jpg",300,169,true],"large":["https:\/\/elconquistadorredloslagos.cl\/test\/wp-content\/uploads\/2025\/07\/Sin-titulo-1-5-1024x576.jpg",1024,576,true],"1536x1536":["https:\/\/elconquistadorredloslagos.cl\/test\/wp-content\/uploads\/2025\/07\/Sin-titulo-1-5-1536x864.jpg",1536,864,true],"2048x2048":["https:\/\/elconquistadorredloslagos.cl\/test\/wp-content\/uploads\/2025\/07\/Sin-titulo-1-5.jpg",1920,1080,false]},"rttpg_author":{"display_name":"ccardenas","author_link":"https:\/\/elconquistadorredloslagos.cl\/test\/blog\/author\/ccardenas\/"},"rttpg_comment":0,"rttpg_category":"<a href=\"https:\/\/elconquistadorredloslagos.cl\/test\/blog\/category\/actual\/\" rel=\"category tag\">Actualidad<\/a>","rttpg_excerpt":"Desde la tradicional Feria Rahue en Osorno, el Servicio Nacional de Pesca y Acuicultura (SERNAPESCA) dio inicio a la veda biol\u00f3gica de la merluza austral, medida que rige durante todo..","_links":{"self":[{"href":"https:\/\/elconquistadorredloslagos.cl\/test\/wp-json\/wp\/v2\/posts\/12738","targetHints":{"allow":["GET"]}}],"collection":[{"href":"https:\/\/elconquistadorredloslagos.cl\/test\/wp-json\/wp\/v2\/posts"}],"about":[{"href":"https:\/\/elconquistadorredloslagos.cl\/test\/wp-json\/wp\/v2\/types\/post"}],"author":[{"embeddable":true,"href":"https:\/\/elconquistadorredloslagos.cl\/test\/wp-json\/wp\/v2\/users\/2"}],"replies":[{"embeddable":true,"href":"https:\/\/elconquistadorredloslagos.cl\/test\/wp-json\/wp\/v2\/comments?post=12738"}],"version-history":[{"count":1,"href":"https:\/\/elconquistadorredloslagos.cl\/test\/wp-json\/wp\/v2\/posts\/12738\/revisions"}],"predecessor-version":[{"id":12743,"href":"https:\/\/elconquistadorredloslagos.cl\/test\/wp-json\/wp\/v2\/posts\/12738\/revisions\/12743"}],"wp:featuredmedia":[{"embeddable":true,"href":"https:\/\/elconquistadorredloslagos.cl\/test\/wp-json\/wp\/v2\/media\/12742"}],"wp:attachment":[{"href":"https:\/\/elconquistadorredloslagos.cl\/test\/wp-json\/wp\/v2\/media?parent=12738"}],"wp:term":[{"taxonomy":"category","embeddable":true,"href":"https:\/\/elconquistadorredloslagos.cl\/test\/wp-json\/wp\/v2\/categories?post=12738"},{"taxonomy":"post_tag","embeddable":true,"href":"https:\/\/elconquistadorredloslagos.cl\/test\/wp-json\/wp\/v2\/tags?post=12738"}],"curies":[{"name":"wp","href":"https:\/\/api.w.org\/{rel}","templated":true}]}}