{"id":12725,"date":"2025-07-31T19:00:57","date_gmt":"2025-07-31T23:00:57","guid":{"rendered":"https:\/\/elconquistadorredloslagos.cl\/test\/?p=12725"},"modified":"2025-07-31T19:00:59","modified_gmt":"2025-07-31T23:00:59","slug":"descoordinacion-oficial-genero-caos-informativo-por-suspension-de-clases","status":"publish","type":"post","link":"https:\/\/elconquistadorredloslagos.cl\/test\/blog\/2025\/07\/31\/descoordinacion-oficial-genero-caos-informativo-por-suspension-de-clases\/","title":{"rendered":"Descoordinaci\u00f3n oficial gener\u00f3 caos informativo por suspensi\u00f3n de clases"},"content":{"rendered":"\n<p>La noche del mi\u00e9rcoles 30 de julio estuvo marcada por la incertidumbre. Mientras las familias esperaban definiciones claras respecto al funcionamiento del sistema educativo para el d\u00eda siguiente, las autoridades ofrec\u00edan versiones contradictorias, evidenciando un grave problema de comunicaci\u00f3n y coordinaci\u00f3n institucional.<\/p>\n\n\n\n<p>Pasadas las 22.00 horas, el Ministro del Interior, \u00c1lvaro Elizalde, en cadena nacional, asegur\u00f3 que la suspensi\u00f3n de clases segu\u00eda \u00fanicamente para establecimientos ubicados en zonas inundables.<\/p>\n\n\n\n<figure class=\"wp-block-audio\"><audio controls src=\"https:\/\/elconquistadorredloslagos.cl\/test\/wp-content\/uploads\/2025\/07\/CUNA-ELIZALDE.mp3\"><\/audio><\/figure>\n\n\n\n<p>Sin embargo, pocos minutos despu\u00e9s, desde los territorios comenzaron a surgir voces que contradec\u00edan esa l\u00ednea. Sin esperar la confirmaci\u00f3n de canales oficiales, se comenz\u00f3 a anunciar por redes sociales una suspensi\u00f3n total. El desconcierto creci\u00f3 cuando desde la delegaci\u00f3n presidencial regional anunci\u00f3 p\u00fablicamente la cancelaci\u00f3n completa de clases en toda la regi\u00f3n, contrario a lo indicado en la vocer\u00eda ministerial.<\/p>\n\n\n\n<p>Reci\u00e9n cerca de las 23.00 horas lleg\u00f3 la confirmaci\u00f3n oficial de que la medida aplicaba tanto a establecimientos p\u00fablicos como particulares, en todas las comunas costeras. Para entonces, apoderados y comunidades educativas hab\u00edan quedado sumidos en una confusi\u00f3n.<\/p>\n\n\n\n<p>Finalmente durante esta ma\u00f1ana, el Seremi de Educaci\u00f3n en Los Lagos, Juan G\u00f3mez, confirm\u00f3 el retorno a clases este viernes 1 de agosto, esto incluye a salas cunas y jardines infantiles de Junji, Fundaci\u00f3n Integra, VTF y privados, adem\u00e1s de establecimientos educacionales municipales, de Servicios Locales de Educaci\u00f3n P\u00fablica (SLEP) de Llanquihue y Chilo\u00e9, particulares subvencionados y particulares pagados.<\/p>\n\n\n\n<figure class=\"wp-block-audio\"><audio controls src=\"https:\/\/elconquistadorredloslagos.cl\/test\/wp-content\/uploads\/2025\/07\/CUNA-EDUCACION.mp3\"><\/audio><\/figure>\n\n\n\n<p>Con ello las actividades lectivas vuelven este primer d\u00eda h\u00e1bil del mes.<\/p>\n","protected":false},"excerpt":{"rendered":"<p>La noche del mi\u00e9rcoles 30 de julio estuvo marcada por la incertidumbre. Mientras las familias esperaban definiciones claras respecto al funcionamiento del sistema educativo para el d\u00eda siguiente, las autoridades..<\/p>\n","protected":false},"author":2,"featured_media":12728,"comment_status":"closed","ping_status":"open","sticky":false,"template":"","format":"standard","meta":{"footnotes":""},"categories":[1,28,51,39,54,52,55,56],"tags":[],"class_list":["post-12725","post","type-post","status-publish","format-standard","has-post-thumbnail","hentry","category-acontecer","category-actual","category-chiloe","category-educacion","category-lago-llanquihue","category-chile","category-osorno","category-puerto-montt"],"rttpg_featured_image_url":{"full":["https:\/\/elconquistadorredloslagos.cl\/test\/wp-content\/uploads\/2025\/07\/Sin-titulo-1-2.jpg",1920,1080,false],"landscape":["https:\/\/elconquistadorredloslagos.cl\/test\/wp-content\/uploads\/2025\/07\/Sin-titulo-1-2.jpg",1920,1080,false],"portraits":["https:\/\/elconquistadorredloslagos.cl\/test\/wp-content\/uploads\/2025\/07\/Sin-titulo-1-2.jpg",1920,1080,false],"thumbnail":["https:\/\/elconquistadorredloslagos.cl\/test\/wp-content\/uploads\/2025\/07\/Sin-titulo-1-2-150x150.jpg",150,150,true],"medium":["https:\/\/elconquistadorredloslagos.cl\/test\/wp-content\/uploads\/2025\/07\/Sin-titulo-1-2-300x169.jpg",300,169,true],"large":["https:\/\/elconquistadorredloslagos.cl\/test\/wp-content\/uploads\/2025\/07\/Sin-titulo-1-2-1024x576.jpg",1024,576,true],"1536x1536":["https:\/\/elconquistadorredloslagos.cl\/test\/wp-content\/uploads\/2025\/07\/Sin-titulo-1-2-1536x864.jpg",1536,864,true],"2048x2048":["https:\/\/elconquistadorredloslagos.cl\/test\/wp-content\/uploads\/2025\/07\/Sin-titulo-1-2.jpg",1920,1080,false]},"rttpg_author":{"display_name":"ccardenas","author_link":"https:\/\/elconquistadorredloslagos.cl\/test\/blog\/author\/ccardenas\/"},"rttpg_comment":0,"rttpg_category":"<a href=\"https:\/\/elconquistadorredloslagos.cl\/test\/blog\/category\/actual\/acontecer\/\" rel=\"category tag\">Acontecer<\/a> <a href=\"https:\/\/elconquistadorredloslagos.cl\/test\/blog\/category\/actual\/\" rel=\"category tag\">Actualidad<\/a> <a href=\"https:\/\/elconquistadorredloslagos.cl\/test\/blog\/category\/chile\/chiloe\/\" rel=\"category tag\">Chilo\u00e9<\/a> <a href=\"https:\/\/elconquistadorredloslagos.cl\/test\/blog\/category\/actual\/educacion\/\" rel=\"category tag\">Educaci\u00f3n<\/a> <a href=\"https:\/\/elconquistadorredloslagos.cl\/test\/blog\/category\/chile\/lago-llanquihue\/\" rel=\"category tag\">Lago LLanquihue<\/a> <a href=\"https:\/\/elconquistadorredloslagos.cl\/test\/blog\/category\/chile\/\" rel=\"category tag\">Nacional<\/a> <a href=\"https:\/\/elconquistadorredloslagos.cl\/test\/blog\/category\/chile\/osorno\/\" rel=\"category tag\">Osorno<\/a> <a href=\"https:\/\/elconquistadorredloslagos.cl\/test\/blog\/category\/chile\/puerto-montt\/\" rel=\"category tag\">Puerto Montt<\/a>","rttpg_excerpt":"La noche del mi\u00e9rcoles 30 de julio estuvo marcada por la incertidumbre. Mientras las familias esperaban definiciones claras respecto al funcionamiento del sistema educativo para el d\u00eda siguiente, las autoridades..","_links":{"self":[{"href":"https:\/\/elconquistadorredloslagos.cl\/test\/wp-json\/wp\/v2\/posts\/12725","targetHints":{"allow":["GET"]}}],"collection":[{"href":"https:\/\/elconquistadorredloslagos.cl\/test\/wp-json\/wp\/v2\/posts"}],"about":[{"href":"https:\/\/elconquistadorredloslagos.cl\/test\/wp-json\/wp\/v2\/types\/post"}],"author":[{"embeddable":true,"href":"https:\/\/elconquistadorredloslagos.cl\/test\/wp-json\/wp\/v2\/users\/2"}],"replies":[{"embeddable":true,"href":"https:\/\/elconquistadorredloslagos.cl\/test\/wp-json\/wp\/v2\/comments?post=12725"}],"version-history":[{"count":1,"href":"https:\/\/elconquistadorredloslagos.cl\/test\/wp-json\/wp\/v2\/posts\/12725\/revisions"}],"predecessor-version":[{"id":12729,"href":"https:\/\/elconquistadorredloslagos.cl\/test\/wp-json\/wp\/v2\/posts\/12725\/revisions\/12729"}],"wp:featuredmedia":[{"embeddable":true,"href":"https:\/\/elconquistadorredloslagos.cl\/test\/wp-json\/wp\/v2\/media\/12728"}],"wp:attachment":[{"href":"https:\/\/elconquistadorredloslagos.cl\/test\/wp-json\/wp\/v2\/media?parent=12725"}],"wp:term":[{"taxonomy":"category","embeddable":true,"href":"https:\/\/elconquistadorredloslagos.cl\/test\/wp-json\/wp\/v2\/categories?post=12725"},{"taxonomy":"post_tag","embeddable":true,"href":"https:\/\/elconquistadorredloslagos.cl\/test\/wp-json\/wp\/v2\/tags?post=12725"}],"curies":[{"name":"wp","href":"https:\/\/api.w.org\/{rel}","templated":true}]}}