{"id":12721,"date":"2025-07-31T17:24:20","date_gmt":"2025-07-31T21:24:20","guid":{"rendered":"https:\/\/elconquistadorredloslagos.cl\/test\/?p=12721"},"modified":"2025-07-31T17:24:21","modified_gmt":"2025-07-31T21:24:21","slug":"municipio-de-frutillar-y-clinica-alemana-de-osorno-firman-convenio-para-mejorar-acceso-a-atencion-oncologica","status":"publish","type":"post","link":"https:\/\/elconquistadorredloslagos.cl\/test\/blog\/2025\/07\/31\/municipio-de-frutillar-y-clinica-alemana-de-osorno-firman-convenio-para-mejorar-acceso-a-atencion-oncologica\/","title":{"rendered":"Municipio de Frutillar y Cl\u00ednica Alemana de Osorno firman convenio para mejorar acceso a atenci\u00f3n oncol\u00f3gica"},"content":{"rendered":"\n<p>En un paso significativo para fortalecer el acceso a la salud especializada en la comuna, la Municipalidad de Frutillar firm\u00f3 un convenio de colaboraci\u00f3n con la Cl\u00ednica Alemana de Osorno, espec\u00edficamente con su Centro del C\u00e1ncer, con el fin de mejorar la atenci\u00f3n oncol\u00f3gica de los vecinos y vecinas.<\/p>\n\n\n\n<p>La ceremonia de firma se realiz\u00f3 en la Sala de Concejo de la municipalidad y cont\u00f3 con la participaci\u00f3n del alcalde Javier Arismendi, la directora m\u00e9dica de la Cl\u00ednica Alemana, Patricia Mart\u00ednez, y el jefe m\u00e9dico del Centro del C\u00e1ncer, Claudio Heine, junto a profesionales del Departamento de Salud Municipal.<\/p>\n\n\n\n<p>Este acuerdo marca un hito al ser el <strong>primer convenio<\/strong> entre el Centro del C\u00e1ncer y una comuna fuera de Osorno en la Regi\u00f3n de Los Lagos. Gracias a esta alianza, se facilitar\u00e1 la <strong>derivaci\u00f3n directa de pacientes<\/strong> desde el sistema municipal de salud de Frutillar, reduciendo as\u00ed los tiempos de espera para ex\u00e1menes y atenciones especializadas.<\/p>\n\n\n\n<p>Seg\u00fan explic\u00f3 el alcalde Arismendi, el convenio beneficiar\u00e1 a <strong>70 usuarios de la comuna<\/strong>, permitiendo que 30 se realicen mamograf\u00edas, 30 accedan a ex\u00e1menes colon check, y 10 reciban atenciones urol\u00f3gicas. \u201cEsto busca una detecci\u00f3n temprana del c\u00e1ncer y disminuir las listas de espera registradas por nuestro Departamento de Salud\u201d, afirm\u00f3.<\/p>\n\n\n\n<p>Por su parte, la directora m\u00e9dica Patricia Mart\u00ednez destac\u00f3 que esta alianza responde a una realidad territorial. \u201cNo todos nuestros pacientes oncol\u00f3gicos provienen de Osorno; muchos son de Frutillar o de la provincia del Ranco. Este tipo de colaboraci\u00f3n es fundamental para avanzar en la detecci\u00f3n temprana y el acompa\u00f1amiento integral a las personas que enfrentan esta enfermedad\u201d.<\/p>\n\n\n\n<p>El convenio es un importante avance en la descentralizaci\u00f3n de la atenci\u00f3n en salud oncol\u00f3gica y apunta a mejorar la calidad de vida de los pacientes a trav\u00e9s de un trabajo coordinado entre el sistema municipal y la red privada de salud.<\/p>\n","protected":false},"excerpt":{"rendered":"<p>En un paso significativo para fortalecer el acceso a la salud especializada en la comuna, la Municipalidad de Frutillar firm\u00f3 un convenio de colaboraci\u00f3n con la Cl\u00ednica Alemana de Osorno,..<\/p>\n","protected":false},"author":7,"featured_media":12722,"comment_status":"closed","ping_status":"open","sticky":false,"template":"","format":"standard","meta":{"footnotes":""},"categories":[1,28,54,55],"tags":[],"class_list":["post-12721","post","type-post","status-publish","format-standard","has-post-thumbnail","hentry","category-acontecer","category-actual","category-lago-llanquihue","category-osorno"],"rttpg_featured_image_url":{"full":["https:\/\/elconquistadorredloslagos.cl\/test\/wp-content\/uploads\/2025\/07\/convenio-muni-frutillar-.png",1920,1080,false],"landscape":["https:\/\/elconquistadorredloslagos.cl\/test\/wp-content\/uploads\/2025\/07\/convenio-muni-frutillar-.png",1920,1080,false],"portraits":["https:\/\/elconquistadorredloslagos.cl\/test\/wp-content\/uploads\/2025\/07\/convenio-muni-frutillar-.png",1920,1080,false],"thumbnail":["https:\/\/elconquistadorredloslagos.cl\/test\/wp-content\/uploads\/2025\/07\/convenio-muni-frutillar--150x150.png",150,150,true],"medium":["https:\/\/elconquistadorredloslagos.cl\/test\/wp-content\/uploads\/2025\/07\/convenio-muni-frutillar--300x169.png",300,169,true],"large":["https:\/\/elconquistadorredloslagos.cl\/test\/wp-content\/uploads\/2025\/07\/convenio-muni-frutillar--1024x576.png",1024,576,true],"1536x1536":["https:\/\/elconquistadorredloslagos.cl\/test\/wp-content\/uploads\/2025\/07\/convenio-muni-frutillar--1536x864.png",1536,864,true],"2048x2048":["https:\/\/elconquistadorredloslagos.cl\/test\/wp-content\/uploads\/2025\/07\/convenio-muni-frutillar-.png",1920,1080,false]},"rttpg_author":{"display_name":"enzodelahoz1988","author_link":"https:\/\/elconquistadorredloslagos.cl\/test\/blog\/author\/enzodelahoz1988\/"},"rttpg_comment":0,"rttpg_category":"<a href=\"https:\/\/elconquistadorredloslagos.cl\/test\/blog\/category\/actual\/acontecer\/\" rel=\"category tag\">Acontecer<\/a> <a href=\"https:\/\/elconquistadorredloslagos.cl\/test\/blog\/category\/actual\/\" rel=\"category tag\">Actualidad<\/a> <a href=\"https:\/\/elconquistadorredloslagos.cl\/test\/blog\/category\/chile\/lago-llanquihue\/\" rel=\"category tag\">Lago LLanquihue<\/a> <a href=\"https:\/\/elconquistadorredloslagos.cl\/test\/blog\/category\/chile\/osorno\/\" rel=\"category tag\">Osorno<\/a>","rttpg_excerpt":"En un paso significativo para fortalecer el acceso a la salud especializada en la comuna, la Municipalidad de Frutillar firm\u00f3 un convenio de colaboraci\u00f3n con la Cl\u00ednica Alemana de Osorno,..","_links":{"self":[{"href":"https:\/\/elconquistadorredloslagos.cl\/test\/wp-json\/wp\/v2\/posts\/12721","targetHints":{"allow":["GET"]}}],"collection":[{"href":"https:\/\/elconquistadorredloslagos.cl\/test\/wp-json\/wp\/v2\/posts"}],"about":[{"href":"https:\/\/elconquistadorredloslagos.cl\/test\/wp-json\/wp\/v2\/types\/post"}],"author":[{"embeddable":true,"href":"https:\/\/elconquistadorredloslagos.cl\/test\/wp-json\/wp\/v2\/users\/7"}],"replies":[{"embeddable":true,"href":"https:\/\/elconquistadorredloslagos.cl\/test\/wp-json\/wp\/v2\/comments?post=12721"}],"version-history":[{"count":1,"href":"https:\/\/elconquistadorredloslagos.cl\/test\/wp-json\/wp\/v2\/posts\/12721\/revisions"}],"predecessor-version":[{"id":12723,"href":"https:\/\/elconquistadorredloslagos.cl\/test\/wp-json\/wp\/v2\/posts\/12721\/revisions\/12723"}],"wp:featuredmedia":[{"embeddable":true,"href":"https:\/\/elconquistadorredloslagos.cl\/test\/wp-json\/wp\/v2\/media\/12722"}],"wp:attachment":[{"href":"https:\/\/elconquistadorredloslagos.cl\/test\/wp-json\/wp\/v2\/media?parent=12721"}],"wp:term":[{"taxonomy":"category","embeddable":true,"href":"https:\/\/elconquistadorredloslagos.cl\/test\/wp-json\/wp\/v2\/categories?post=12721"},{"taxonomy":"post_tag","embeddable":true,"href":"https:\/\/elconquistadorredloslagos.cl\/test\/wp-json\/wp\/v2\/tags?post=12721"}],"curies":[{"name":"wp","href":"https:\/\/api.w.org\/{rel}","templated":true}]}}