{"id":12680,"date":"2025-07-29T22:03:13","date_gmt":"2025-07-30T02:03:13","guid":{"rendered":"https:\/\/elconquistadorredloslagos.cl\/test\/?p=12680"},"modified":"2025-07-29T23:21:15","modified_gmt":"2025-07-30T03:21:15","slug":"chile-en-alerta-por-amenaza-de-tsunami-puerto-montt-castro-y-ancud-entre-las-comunas-con-llegada-proyectada","status":"publish","type":"post","link":"https:\/\/elconquistadorredloslagos.cl\/test\/blog\/2025\/07\/29\/chile-en-alerta-por-amenaza-de-tsunami-puerto-montt-castro-y-ancud-entre-las-comunas-con-llegada-proyectada\/","title":{"rendered":"Chile en alerta por amenaza de tsunami: Puerto Montt, Castro y Ancud entre las comunas con llegada proyectada"},"content":{"rendered":"\n<p>El Servicio Hidrogr\u00e1fico y Oceanogr\u00e1fico de la Armada (SHOA) emiti\u00f3 un bolet\u00edn de alerta ante una amenaza de tsunami para gran parte de la costa chilena, luego del potente sismo de magnitud 8.7 registrado la tarde del martes 29 de julio al sureste de Petropavlovsk, en la pen\u00ednsula de Kamchatka, Rusia.<\/p>\n\n\n\n<p>La informaci\u00f3n, recibida oficialmente por las autoridades a las 21.10 horas, activ\u00f3 de inmediato los protocolos de evaluaci\u00f3n y prevenci\u00f3n. De acuerdo al bolet\u00edn n.\u00ba 004, se han establecido horarios estimados de arribo de las ondas de tsunami a lo largo del pa\u00eds, afectando especialmente a comunas del sur, donde se monitorea con especial atenci\u00f3n la evoluci\u00f3n del fen\u00f3meno. El primer tren de olas llegar\u00eda a Isla de Pascua a eso de las 09.25 de la ma\u00f1ana.<\/p>\n\n\n\n<p>En el caso de las principales comunas de Los Lagos, en Puerto Montt se proyecta el arribo de las ondas a las 17.56 horas de este mi\u00e9rcoles 30 de julio, mientras que en Ancud se espera su llegada a las 17.01 horas, y en Castro, una de las \u00faltimas comunas del pa\u00eds en recibir el impacto, el fen\u00f3meno podr\u00eda manifestarse a las 18.37 horas. La ciudadan\u00eda de estas zonas ha sido llamada a mantenerse informada y seguir las instrucciones de las autoridades.<\/p>\n\n\n\n<p>SENAPRED ha recordado que, en caso de decretarse evacuaci\u00f3n preventiva, esta se mantiene vigente hasta que sea formalmente cancelada. Asimismo, se advierte que un tsunami puede manifestarse durante horas, y que la primera onda no siempre es la m\u00e1s destructiva. En zonas como bah\u00edas cerradas, puertos y estuarios, los efectos podr\u00edan amplificarse considerablemente.<\/p>\n\n\n\n<p>Las autoridades contin\u00faan evaluando el comportamiento del oc\u00e9ano y no descartan la activaci\u00f3n de nuevas medidas seg\u00fan el desarrollo de los eventos. Se insta a la poblaci\u00f3n costera, especialmente en el sur del pa\u00eds, a estar atenta a los canales oficiales y a actuar con responsabilidad ante esta amenaza.<\/p>\n\n\n\n<p>Fuente: <a href=\"https:\/\/www.snamchile.cl\/\">https:\/\/www.snamchile.cl\/<\/a><\/p>\n\n\n\n<p>\ud83d\udcf7 Referencial <\/p>\n","protected":false},"excerpt":{"rendered":"<p>El Servicio Hidrogr\u00e1fico y Oceanogr\u00e1fico de la Armada (SHOA) emiti\u00f3 un bolet\u00edn de alerta ante una amenaza de tsunami para gran parte de la costa chilena, luego del potente sismo..<\/p>\n","protected":false},"author":2,"featured_media":12681,"comment_status":"closed","ping_status":"open","sticky":false,"template":"","format":"standard","meta":{"footnotes":""},"categories":[1,28,51,53,52,56],"tags":[],"class_list":["post-12680","post","type-post","status-publish","format-standard","has-post-thumbnail","hentry","category-acontecer","category-actual","category-chiloe","category-mundo","category-chile","category-puerto-montt"],"rttpg_featured_image_url":{"full":["https:\/\/elconquistadorredloslagos.cl\/test\/wp-content\/uploads\/2025\/07\/uesta_20250729_220031_0000.jpg",1920,1080,false],"landscape":["https:\/\/elconquistadorredloslagos.cl\/test\/wp-content\/uploads\/2025\/07\/uesta_20250729_220031_0000.jpg",1920,1080,false],"portraits":["https:\/\/elconquistadorredloslagos.cl\/test\/wp-content\/uploads\/2025\/07\/uesta_20250729_220031_0000.jpg",1920,1080,false],"thumbnail":["https:\/\/elconquistadorredloslagos.cl\/test\/wp-content\/uploads\/2025\/07\/uesta_20250729_220031_0000-150x150.jpg",150,150,true],"medium":["https:\/\/elconquistadorredloslagos.cl\/test\/wp-content\/uploads\/2025\/07\/uesta_20250729_220031_0000-300x169.jpg",300,169,true],"large":["https:\/\/elconquistadorredloslagos.cl\/test\/wp-content\/uploads\/2025\/07\/uesta_20250729_220031_0000-1024x576.jpg",1024,576,true],"1536x1536":["https:\/\/elconquistadorredloslagos.cl\/test\/wp-content\/uploads\/2025\/07\/uesta_20250729_220031_0000-1536x864.jpg",1536,864,true],"2048x2048":["https:\/\/elconquistadorredloslagos.cl\/test\/wp-content\/uploads\/2025\/07\/uesta_20250729_220031_0000.jpg",1920,1080,false]},"rttpg_author":{"display_name":"ccardenas","author_link":"https:\/\/elconquistadorredloslagos.cl\/test\/blog\/author\/ccardenas\/"},"rttpg_comment":0,"rttpg_category":"<a href=\"https:\/\/elconquistadorredloslagos.cl\/test\/blog\/category\/actual\/acontecer\/\" rel=\"category tag\">Acontecer<\/a> <a href=\"https:\/\/elconquistadorredloslagos.cl\/test\/blog\/category\/actual\/\" rel=\"category tag\">Actualidad<\/a> <a href=\"https:\/\/elconquistadorredloslagos.cl\/test\/blog\/category\/chile\/chiloe\/\" rel=\"category tag\">Chilo\u00e9<\/a> <a href=\"https:\/\/elconquistadorredloslagos.cl\/test\/blog\/category\/mundo\/\" rel=\"category tag\">Internacional<\/a> <a href=\"https:\/\/elconquistadorredloslagos.cl\/test\/blog\/category\/chile\/\" rel=\"category tag\">Nacional<\/a> <a href=\"https:\/\/elconquistadorredloslagos.cl\/test\/blog\/category\/chile\/puerto-montt\/\" rel=\"category tag\">Puerto Montt<\/a>","rttpg_excerpt":"El Servicio Hidrogr\u00e1fico y Oceanogr\u00e1fico de la Armada (SHOA) emiti\u00f3 un bolet\u00edn de alerta ante una amenaza de tsunami para gran parte de la costa chilena, luego del potente sismo..","_links":{"self":[{"href":"https:\/\/elconquistadorredloslagos.cl\/test\/wp-json\/wp\/v2\/posts\/12680","targetHints":{"allow":["GET"]}}],"collection":[{"href":"https:\/\/elconquistadorredloslagos.cl\/test\/wp-json\/wp\/v2\/posts"}],"about":[{"href":"https:\/\/elconquistadorredloslagos.cl\/test\/wp-json\/wp\/v2\/types\/post"}],"author":[{"embeddable":true,"href":"https:\/\/elconquistadorredloslagos.cl\/test\/wp-json\/wp\/v2\/users\/2"}],"replies":[{"embeddable":true,"href":"https:\/\/elconquistadorredloslagos.cl\/test\/wp-json\/wp\/v2\/comments?post=12680"}],"version-history":[{"count":3,"href":"https:\/\/elconquistadorredloslagos.cl\/test\/wp-json\/wp\/v2\/posts\/12680\/revisions"}],"predecessor-version":[{"id":12684,"href":"https:\/\/elconquistadorredloslagos.cl\/test\/wp-json\/wp\/v2\/posts\/12680\/revisions\/12684"}],"wp:featuredmedia":[{"embeddable":true,"href":"https:\/\/elconquistadorredloslagos.cl\/test\/wp-json\/wp\/v2\/media\/12681"}],"wp:attachment":[{"href":"https:\/\/elconquistadorredloslagos.cl\/test\/wp-json\/wp\/v2\/media?parent=12680"}],"wp:term":[{"taxonomy":"category","embeddable":true,"href":"https:\/\/elconquistadorredloslagos.cl\/test\/wp-json\/wp\/v2\/categories?post=12680"},{"taxonomy":"post_tag","embeddable":true,"href":"https:\/\/elconquistadorredloslagos.cl\/test\/wp-json\/wp\/v2\/tags?post=12680"}],"curies":[{"name":"wp","href":"https:\/\/api.w.org\/{rel}","templated":true}]}}