{"id":12677,"date":"2025-07-29T21:46:01","date_gmt":"2025-07-30T01:46:01","guid":{"rendered":"https:\/\/elconquistadorredloslagos.cl\/test\/?p=12677"},"modified":"2025-07-29T21:46:02","modified_gmt":"2025-07-30T01:46:02","slug":"chile-se-mantiene-en-vigilancia-por-posible-amenaza-de-tsunami-tras-terremoto-en-rusia","status":"publish","type":"post","link":"https:\/\/elconquistadorredloslagos.cl\/test\/blog\/2025\/07\/29\/chile-se-mantiene-en-vigilancia-por-posible-amenaza-de-tsunami-tras-terremoto-en-rusia\/","title":{"rendered":"Chile se mantiene en vigilancia por posible amenaza de tsunami tras terremoto en Rusia"},"content":{"rendered":"\n<p>La tranquilidad del Pac\u00edfico se vio alterada este martes luego de un potente sismo de magnitud 8.7 que sacudi\u00f3 el sur de la pen\u00ednsula de Kamchatka, en Rusia. <\/p>\n\n\n\n<p>El movimiento tel\u00farico, inicialmente reportado como 8.0, fue posteriormente ajustado por el Servicio Geol\u00f3gico de Estados Unidos (USGS), activando alertas en la regi\u00f3n del Asia-Pac\u00edfico.<\/p>\n\n\n\n<p>La Agencia Meteorol\u00f3gica de Jap\u00f3n emiti\u00f3 una advertencia de tsunami para sus costas, encendiendo las alarmas en distintos pa\u00edses. <\/p>\n\n\n\n<p>En Chile, el Servicio Hidrogr\u00e1fico y Oceanogr\u00e1fico de la Armada (SHOA) inform\u00f3 que se encuentra evaluando si el evento podr\u00eda generar un tsunami que afecte a las costas nacionales.<\/p>\n\n\n\n<p>A trav\u00e9s de un comunicado, el SHOA indic\u00f3 que \u201cuna vez finalizado el proceso de modulaci\u00f3n y an\u00e1lisis, se informar\u00e1 la posibilidad de amenaza de tsunami para las costas de Chile\u201d. <\/p>\n\n\n\n<p>Mientras tanto, se activaron protocolos de monitoreo s\u00edsmico por parte de organismos nacionales e internacionales.<\/p>\n\n\n\n<p>Hasta ahora no se han decretado evacuaciones ni emitido alertas oficiales en territorio chileno. <\/p>\n\n\n\n<p>Las autoridades llaman a la poblaci\u00f3n a mantenerse informada a trav\u00e9s de canales oficiales y evitar compartir informaci\u00f3n no verificada que pueda generar alarma innecesaria.<\/p>\n\n\n\n<p>\ud83d\udcf7 Referencial <\/p>\n","protected":false},"excerpt":{"rendered":"<p>La tranquilidad del Pac\u00edfico se vio alterada este martes luego de un potente sismo de magnitud 8.7 que sacudi\u00f3 el sur de la pen\u00ednsula de Kamchatka, en Rusia. El movimiento..<\/p>\n","protected":false},"author":2,"featured_media":12678,"comment_status":"closed","ping_status":"open","sticky":false,"template":"","format":"standard","meta":{"footnotes":""},"categories":[1,28,53,52],"tags":[],"class_list":["post-12677","post","type-post","status-publish","format-standard","has-post-thumbnail","hentry","category-acontecer","category-actual","category-mundo","category-chile"],"rttpg_featured_image_url":{"full":["https:\/\/elconquistadorredloslagos.cl\/test\/wp-content\/uploads\/2025\/07\/uesta_20250729_214319_0000.jpg",1920,1080,false],"landscape":["https:\/\/elconquistadorredloslagos.cl\/test\/wp-content\/uploads\/2025\/07\/uesta_20250729_214319_0000.jpg",1920,1080,false],"portraits":["https:\/\/elconquistadorredloslagos.cl\/test\/wp-content\/uploads\/2025\/07\/uesta_20250729_214319_0000.jpg",1920,1080,false],"thumbnail":["https:\/\/elconquistadorredloslagos.cl\/test\/wp-content\/uploads\/2025\/07\/uesta_20250729_214319_0000-150x150.jpg",150,150,true],"medium":["https:\/\/elconquistadorredloslagos.cl\/test\/wp-content\/uploads\/2025\/07\/uesta_20250729_214319_0000-300x169.jpg",300,169,true],"large":["https:\/\/elconquistadorredloslagos.cl\/test\/wp-content\/uploads\/2025\/07\/uesta_20250729_214319_0000-1024x576.jpg",1024,576,true],"1536x1536":["https:\/\/elconquistadorredloslagos.cl\/test\/wp-content\/uploads\/2025\/07\/uesta_20250729_214319_0000-1536x864.jpg",1536,864,true],"2048x2048":["https:\/\/elconquistadorredloslagos.cl\/test\/wp-content\/uploads\/2025\/07\/uesta_20250729_214319_0000.jpg",1920,1080,false]},"rttpg_author":{"display_name":"ccardenas","author_link":"https:\/\/elconquistadorredloslagos.cl\/test\/blog\/author\/ccardenas\/"},"rttpg_comment":0,"rttpg_category":"<a href=\"https:\/\/elconquistadorredloslagos.cl\/test\/blog\/category\/actual\/acontecer\/\" rel=\"category tag\">Acontecer<\/a> <a href=\"https:\/\/elconquistadorredloslagos.cl\/test\/blog\/category\/actual\/\" rel=\"category tag\">Actualidad<\/a> <a href=\"https:\/\/elconquistadorredloslagos.cl\/test\/blog\/category\/mundo\/\" rel=\"category tag\">Internacional<\/a> <a href=\"https:\/\/elconquistadorredloslagos.cl\/test\/blog\/category\/chile\/\" rel=\"category tag\">Nacional<\/a>","rttpg_excerpt":"La tranquilidad del Pac\u00edfico se vio alterada este martes luego de un potente sismo de magnitud 8.7 que sacudi\u00f3 el sur de la pen\u00ednsula de Kamchatka, en Rusia. El movimiento..","_links":{"self":[{"href":"https:\/\/elconquistadorredloslagos.cl\/test\/wp-json\/wp\/v2\/posts\/12677","targetHints":{"allow":["GET"]}}],"collection":[{"href":"https:\/\/elconquistadorredloslagos.cl\/test\/wp-json\/wp\/v2\/posts"}],"about":[{"href":"https:\/\/elconquistadorredloslagos.cl\/test\/wp-json\/wp\/v2\/types\/post"}],"author":[{"embeddable":true,"href":"https:\/\/elconquistadorredloslagos.cl\/test\/wp-json\/wp\/v2\/users\/2"}],"replies":[{"embeddable":true,"href":"https:\/\/elconquistadorredloslagos.cl\/test\/wp-json\/wp\/v2\/comments?post=12677"}],"version-history":[{"count":1,"href":"https:\/\/elconquistadorredloslagos.cl\/test\/wp-json\/wp\/v2\/posts\/12677\/revisions"}],"predecessor-version":[{"id":12679,"href":"https:\/\/elconquistadorredloslagos.cl\/test\/wp-json\/wp\/v2\/posts\/12677\/revisions\/12679"}],"wp:featuredmedia":[{"embeddable":true,"href":"https:\/\/elconquistadorredloslagos.cl\/test\/wp-json\/wp\/v2\/media\/12678"}],"wp:attachment":[{"href":"https:\/\/elconquistadorredloslagos.cl\/test\/wp-json\/wp\/v2\/media?parent=12677"}],"wp:term":[{"taxonomy":"category","embeddable":true,"href":"https:\/\/elconquistadorredloslagos.cl\/test\/wp-json\/wp\/v2\/categories?post=12677"},{"taxonomy":"post_tag","embeddable":true,"href":"https:\/\/elconquistadorredloslagos.cl\/test\/wp-json\/wp\/v2\/tags?post=12677"}],"curies":[{"name":"wp","href":"https:\/\/api.w.org\/{rel}","templated":true}]}}