{"id":12612,"date":"2025-07-28T17:13:10","date_gmt":"2025-07-28T21:13:10","guid":{"rendered":"https:\/\/elconquistadorredloslagos.cl\/test\/?p=12612"},"modified":"2025-07-28T17:13:11","modified_gmt":"2025-07-28T21:13:11","slug":"continua-intensa-busqueda-de-joven-universitario-perdido-en-parque-de-chiloe","status":"publish","type":"post","link":"https:\/\/elconquistadorredloslagos.cl\/test\/blog\/2025\/07\/28\/continua-intensa-busqueda-de-joven-universitario-perdido-en-parque-de-chiloe\/","title":{"rendered":"Contin\u00faa intensa b\u00fasqueda de joven universitario perdido en parque de Chilo\u00e9"},"content":{"rendered":"\n<p>Un amplio operativo se mantiene en el Parque Tepuhueico, en la comuna de Chonchi, tras la desaparici\u00f3n del estudiante universitario Sebasti\u00e1n Gotschilsh Y\u00e1\u00f1ez, cuyo rastro se perdi\u00f3 el pasado viernes en medio de condiciones clim\u00e1ticas adversas. Equipos del Grupo de Operaciones Policiales Especiales (GOPE) un helic\u00f3ptero de Carabineros, bomberos de Chonchi junto a Castro, y voluntarios civiles participan de la b\u00fasqueda.<\/p>\n\n\n\n<p>El joven, quien realizaba trabajo de tesis en el sector junto a compa\u00f1eros, se intern\u00f3 en solitario en una zona de dif\u00edcil acceso, portando solo una mochila. Desde entonces, su paradero es desconocido, y su caso ha sido difundido en redes sociales por familiares que solicitan colaboraci\u00f3n ciudadana.<\/p>\n\n\n\n<p>La denuncia fue presentada el 25 de julio por la Universidad de Chile. El Ministerio P\u00fablico activ\u00f3 los protocolos y personal aeropolicial sobrevol\u00f3 el \u00e1rea en coordinaci\u00f3n con rescatistas y drones. Detalles que fueron entregados por el subprefecto de los servicios, comandante Jorge Lorca, de la Prefectura Chilo\u00e9 de Carabineros.<\/p>\n\n\n\n<figure class=\"wp-block-audio\"><audio controls src=\"https:\/\/elconquistadorredloslagos.cl\/test\/wp-content\/uploads\/2025\/07\/CUNA-PREFECTO.mp3\"><\/audio><\/figure>\n\n\n\n<p>Marcelo Malague\u00f1o, delegado presidencial provincial, confirm\u00f3 que se trata de un estudiante en servicio en el parque, y que las autoridades est\u00e1n utilizando todos los medios disponibles para dar con su ubicaci\u00f3n.<\/p>\n\n\n\n<figure class=\"wp-block-audio\"><audio controls src=\"https:\/\/elconquistadorredloslagos.cl\/test\/wp-content\/uploads\/2025\/07\/CUNA-DELEGADO.mp3\"><\/audio><\/figure>\n\n\n\n<p>La b\u00fasqueda se intensific\u00f3 en el sector conocido como Tricolor. Seg\u00fan Rub\u00e9n Vera, comandante del Cuerpo de Bomberos de Chonchi se sumar\u00edan m\u00e1s voluntarios, junto con una dotaci\u00f3n adicional de Castro. El operativo tambi\u00e9n ha contado con el apoyo de lugare\u00f1os conocedores del terreno.<\/p>\n\n\n\n<p>\ud83d\udcf7 Redes sociales<\/p>\n","protected":false},"excerpt":{"rendered":"<p>Un amplio operativo se mantiene en el Parque Tepuhueico, en la comuna de Chonchi, tras la desaparici\u00f3n del estudiante universitario Sebasti\u00e1n Gotschilsh Y\u00e1\u00f1ez, cuyo rastro se perdi\u00f3 el pasado viernes..<\/p>\n","protected":false},"author":2,"featured_media":12615,"comment_status":"closed","ping_status":"open","sticky":false,"template":"","format":"standard","meta":{"footnotes":""},"categories":[1,28,51],"tags":[],"class_list":["post-12612","post","type-post","status-publish","format-standard","has-post-thumbnail","hentry","category-acontecer","category-actual","category-chiloe"],"rttpg_featured_image_url":{"full":["https:\/\/elconquistadorredloslagos.cl\/test\/wp-content\/uploads\/2025\/07\/Diseno-sin-titulo-92.jpg",1920,1080,false],"landscape":["https:\/\/elconquistadorredloslagos.cl\/test\/wp-content\/uploads\/2025\/07\/Diseno-sin-titulo-92.jpg",1920,1080,false],"portraits":["https:\/\/elconquistadorredloslagos.cl\/test\/wp-content\/uploads\/2025\/07\/Diseno-sin-titulo-92.jpg",1920,1080,false],"thumbnail":["https:\/\/elconquistadorredloslagos.cl\/test\/wp-content\/uploads\/2025\/07\/Diseno-sin-titulo-92-150x150.jpg",150,150,true],"medium":["https:\/\/elconquistadorredloslagos.cl\/test\/wp-content\/uploads\/2025\/07\/Diseno-sin-titulo-92-300x169.jpg",300,169,true],"large":["https:\/\/elconquistadorredloslagos.cl\/test\/wp-content\/uploads\/2025\/07\/Diseno-sin-titulo-92-1024x576.jpg",1024,576,true],"1536x1536":["https:\/\/elconquistadorredloslagos.cl\/test\/wp-content\/uploads\/2025\/07\/Diseno-sin-titulo-92-1536x864.jpg",1536,864,true],"2048x2048":["https:\/\/elconquistadorredloslagos.cl\/test\/wp-content\/uploads\/2025\/07\/Diseno-sin-titulo-92.jpg",1920,1080,false]},"rttpg_author":{"display_name":"ccardenas","author_link":"https:\/\/elconquistadorredloslagos.cl\/test\/blog\/author\/ccardenas\/"},"rttpg_comment":0,"rttpg_category":"<a href=\"https:\/\/elconquistadorredloslagos.cl\/test\/blog\/category\/actual\/acontecer\/\" rel=\"category tag\">Acontecer<\/a> <a href=\"https:\/\/elconquistadorredloslagos.cl\/test\/blog\/category\/actual\/\" rel=\"category tag\">Actualidad<\/a> <a href=\"https:\/\/elconquistadorredloslagos.cl\/test\/blog\/category\/chile\/chiloe\/\" rel=\"category tag\">Chilo\u00e9<\/a>","rttpg_excerpt":"Un amplio operativo se mantiene en el Parque Tepuhueico, en la comuna de Chonchi, tras la desaparici\u00f3n del estudiante universitario Sebasti\u00e1n Gotschilsh Y\u00e1\u00f1ez, cuyo rastro se perdi\u00f3 el pasado viernes..","_links":{"self":[{"href":"https:\/\/elconquistadorredloslagos.cl\/test\/wp-json\/wp\/v2\/posts\/12612","targetHints":{"allow":["GET"]}}],"collection":[{"href":"https:\/\/elconquistadorredloslagos.cl\/test\/wp-json\/wp\/v2\/posts"}],"about":[{"href":"https:\/\/elconquistadorredloslagos.cl\/test\/wp-json\/wp\/v2\/types\/post"}],"author":[{"embeddable":true,"href":"https:\/\/elconquistadorredloslagos.cl\/test\/wp-json\/wp\/v2\/users\/2"}],"replies":[{"embeddable":true,"href":"https:\/\/elconquistadorredloslagos.cl\/test\/wp-json\/wp\/v2\/comments?post=12612"}],"version-history":[{"count":1,"href":"https:\/\/elconquistadorredloslagos.cl\/test\/wp-json\/wp\/v2\/posts\/12612\/revisions"}],"predecessor-version":[{"id":12616,"href":"https:\/\/elconquistadorredloslagos.cl\/test\/wp-json\/wp\/v2\/posts\/12612\/revisions\/12616"}],"wp:featuredmedia":[{"embeddable":true,"href":"https:\/\/elconquistadorredloslagos.cl\/test\/wp-json\/wp\/v2\/media\/12615"}],"wp:attachment":[{"href":"https:\/\/elconquistadorredloslagos.cl\/test\/wp-json\/wp\/v2\/media?parent=12612"}],"wp:term":[{"taxonomy":"category","embeddable":true,"href":"https:\/\/elconquistadorredloslagos.cl\/test\/wp-json\/wp\/v2\/categories?post=12612"},{"taxonomy":"post_tag","embeddable":true,"href":"https:\/\/elconquistadorredloslagos.cl\/test\/wp-json\/wp\/v2\/tags?post=12612"}],"curies":[{"name":"wp","href":"https:\/\/api.w.org\/{rel}","templated":true}]}}