{"id":12608,"date":"2025-07-28T16:38:46","date_gmt":"2025-07-28T20:38:46","guid":{"rendered":"https:\/\/elconquistadorredloslagos.cl\/test\/?p=12608"},"modified":"2025-07-28T16:38:47","modified_gmt":"2025-07-28T20:38:47","slug":"kast-lidera-intencion-de-voto-y-supera-por-primera-vez-a-jeannette-jara","status":"publish","type":"post","link":"https:\/\/elconquistadorredloslagos.cl\/test\/blog\/2025\/07\/28\/kast-lidera-intencion-de-voto-y-supera-por-primera-vez-a-jeannette-jara\/","title":{"rendered":"Kast lidera intenci\u00f3n de voto y supera por primera vez a Jeannette Jara"},"content":{"rendered":"\n<p>La carrera presidencial toma forma y Jos\u00e9 Antonio Kast se instala al frente de las preferencias ciudadanas, seg\u00fan la \u00faltima encuesta Plaza P\u00fablica Cadem correspondiente a la cuarta semana de julio. El l\u00edder del Partido Republicano alcanz\u00f3 un 30% en una eventual primera vuelta, superando por primera vez a la candidata oficialista Jeannette Jara, quien obtuvo un 27%.<\/p>\n\n\n\n<p>El ascenso de Kast representa un alza de tres puntos respecto al sondeo anterior, consolidando su liderazgo. M\u00e1s atr\u00e1s figuran Evelyn Matthei con un 14%, Franco Parisi con un 11% (subiendo dos puntos), Johannes Kaiser con un 5% (retrocediendo tres puntos), Harold Mayne-Nicholls (2%), Marco Enr\u00edquez-Ominami (1%) y Eduardo Art\u00e9s (1%).<\/p>\n\n\n\n<p>En cuanto a la intenci\u00f3n de voto espont\u00e1neo, Kast tambi\u00e9n encabeza con un 25% (+4), seguido por Jara (24%), Matthei (12%) y Parisi (8%).<\/p>\n\n\n\n<p>La encuesta revela, adem\u00e1s, un fuerte compromiso ciudadano: el 65% de los encuestados dice estar muy interesado en las elecciones y el 88% asegura que ir\u00e1 a votar, cuatro puntos m\u00e1s que la semana anterior.<\/p>\n\n\n\n<p>Tras conocer los resultados, Kast llam\u00f3 a mantener la calma frente a las cifras: \u201cNo hay nada que celebrar. Hay que trabajar con m\u00e1s fuerza para ganar en diciembre y comenzar en marzo la reconstrucci\u00f3n de Chile\u201d. En su cuenta de X, agreg\u00f3: \u201cQuedan 113 d\u00edas para la elecci\u00f3n, muchos debates, propuestas y encuentros con la ciudadan\u00eda\u201d.<\/p>\n","protected":false},"excerpt":{"rendered":"<p>La carrera presidencial toma forma y Jos\u00e9 Antonio Kast se instala al frente de las preferencias ciudadanas, seg\u00fan la \u00faltima encuesta Plaza P\u00fablica Cadem correspondiente a la cuarta semana de..<\/p>\n","protected":false},"author":2,"featured_media":12609,"comment_status":"closed","ping_status":"open","sticky":false,"template":"","format":"standard","meta":{"footnotes":""},"categories":[1,28,52,38],"tags":[],"class_list":["post-12608","post","type-post","status-publish","format-standard","has-post-thumbnail","hentry","category-acontecer","category-actual","category-chile","category-politica"],"rttpg_featured_image_url":{"full":["https:\/\/elconquistadorredloslagos.cl\/test\/wp-content\/uploads\/2025\/07\/Diseno-sin-titulo-91.jpg",1920,1080,false],"landscape":["https:\/\/elconquistadorredloslagos.cl\/test\/wp-content\/uploads\/2025\/07\/Diseno-sin-titulo-91.jpg",1920,1080,false],"portraits":["https:\/\/elconquistadorredloslagos.cl\/test\/wp-content\/uploads\/2025\/07\/Diseno-sin-titulo-91.jpg",1920,1080,false],"thumbnail":["https:\/\/elconquistadorredloslagos.cl\/test\/wp-content\/uploads\/2025\/07\/Diseno-sin-titulo-91-150x150.jpg",150,150,true],"medium":["https:\/\/elconquistadorredloslagos.cl\/test\/wp-content\/uploads\/2025\/07\/Diseno-sin-titulo-91-300x169.jpg",300,169,true],"large":["https:\/\/elconquistadorredloslagos.cl\/test\/wp-content\/uploads\/2025\/07\/Diseno-sin-titulo-91-1024x576.jpg",1024,576,true],"1536x1536":["https:\/\/elconquistadorredloslagos.cl\/test\/wp-content\/uploads\/2025\/07\/Diseno-sin-titulo-91-1536x864.jpg",1536,864,true],"2048x2048":["https:\/\/elconquistadorredloslagos.cl\/test\/wp-content\/uploads\/2025\/07\/Diseno-sin-titulo-91.jpg",1920,1080,false]},"rttpg_author":{"display_name":"ccardenas","author_link":"https:\/\/elconquistadorredloslagos.cl\/test\/blog\/author\/ccardenas\/"},"rttpg_comment":0,"rttpg_category":"<a href=\"https:\/\/elconquistadorredloslagos.cl\/test\/blog\/category\/actual\/acontecer\/\" rel=\"category tag\">Acontecer<\/a> <a href=\"https:\/\/elconquistadorredloslagos.cl\/test\/blog\/category\/actual\/\" rel=\"category tag\">Actualidad<\/a> <a href=\"https:\/\/elconquistadorredloslagos.cl\/test\/blog\/category\/chile\/\" rel=\"category tag\">Nacional<\/a> <a href=\"https:\/\/elconquistadorredloslagos.cl\/test\/blog\/category\/actual\/politica\/\" rel=\"category tag\">Politica<\/a>","rttpg_excerpt":"La carrera presidencial toma forma y Jos\u00e9 Antonio Kast se instala al frente de las preferencias ciudadanas, seg\u00fan la \u00faltima encuesta Plaza P\u00fablica Cadem correspondiente a la cuarta semana de..","_links":{"self":[{"href":"https:\/\/elconquistadorredloslagos.cl\/test\/wp-json\/wp\/v2\/posts\/12608","targetHints":{"allow":["GET"]}}],"collection":[{"href":"https:\/\/elconquistadorredloslagos.cl\/test\/wp-json\/wp\/v2\/posts"}],"about":[{"href":"https:\/\/elconquistadorredloslagos.cl\/test\/wp-json\/wp\/v2\/types\/post"}],"author":[{"embeddable":true,"href":"https:\/\/elconquistadorredloslagos.cl\/test\/wp-json\/wp\/v2\/users\/2"}],"replies":[{"embeddable":true,"href":"https:\/\/elconquistadorredloslagos.cl\/test\/wp-json\/wp\/v2\/comments?post=12608"}],"version-history":[{"count":1,"href":"https:\/\/elconquistadorredloslagos.cl\/test\/wp-json\/wp\/v2\/posts\/12608\/revisions"}],"predecessor-version":[{"id":12610,"href":"https:\/\/elconquistadorredloslagos.cl\/test\/wp-json\/wp\/v2\/posts\/12608\/revisions\/12610"}],"wp:featuredmedia":[{"embeddable":true,"href":"https:\/\/elconquistadorredloslagos.cl\/test\/wp-json\/wp\/v2\/media\/12609"}],"wp:attachment":[{"href":"https:\/\/elconquistadorredloslagos.cl\/test\/wp-json\/wp\/v2\/media?parent=12608"}],"wp:term":[{"taxonomy":"category","embeddable":true,"href":"https:\/\/elconquistadorredloslagos.cl\/test\/wp-json\/wp\/v2\/categories?post=12608"},{"taxonomy":"post_tag","embeddable":true,"href":"https:\/\/elconquistadorredloslagos.cl\/test\/wp-json\/wp\/v2\/tags?post=12608"}],"curies":[{"name":"wp","href":"https:\/\/api.w.org\/{rel}","templated":true}]}}