{"id":12598,"date":"2025-07-28T15:47:11","date_gmt":"2025-07-28T19:47:11","guid":{"rendered":"https:\/\/elconquistadorredloslagos.cl\/test\/?p=12598"},"modified":"2025-07-28T15:47:48","modified_gmt":"2025-07-28T19:47:48","slug":"saesa-ilumina-paradero-publico-de-llanquihue-a-traves-de-su-programa-barrios-con-energia","status":"publish","type":"post","link":"https:\/\/elconquistadorredloslagos.cl\/test\/blog\/2025\/07\/28\/saesa-ilumina-paradero-publico-de-llanquihue-a-traves-de-su-programa-barrios-con-energia\/","title":{"rendered":"Saesa ilumina paradero p\u00fablico de Llanquihue a trav\u00e9s de su programa \u201cBarrios con Energ\u00eda\u201d"},"content":{"rendered":"\n<p><strong>La iniciativa beneficia a usuarios y vecinos del Cesfam Los Volcanes, entregando mayor seguridad y comodidad al entorno comunitario.<\/strong><\/p>\n\n\n\n<p>En el marco del programa de vinculaci\u00f3n comunitaria <em>Barrios con Energ\u00eda<\/em>, la empresa el\u00e9ctrica Saesa inaugur\u00f3 una nueva instalaci\u00f3n de luminarias p\u00fablicas en el paradero ubicado frente al Cesfam Los Volcanes, en la comuna de Llanquihue. La acci\u00f3n busca mejorar la seguridad y calidad de vida de vecinos y usuarios del centro asistencial.<\/p>\n\n\n\n<p>Durante la actividad, ejecutivos de Saesa y funcionarios del Departamento de Salud Municipal destacaron la importancia de esta alianza p\u00fablico-privada, que ha permitido responder a una necesidad concreta de la comunidad. \u201cHoy, en un trabajo conjunto con la directora del Departamento de Salud Municipal de Llanquihue, entregamos a la comunidad este nuevo proyecto, que brinda luz y seguridad a un punto de encuentro fundamental para quienes transitan o esperan locomoci\u00f3n colectiva\u201d, afirm\u00f3 Francisco Fern\u00e1ndez, jefe de Servicio al Cliente de Saesa.<\/p>\n\n\n\n<p>Por su parte, Bernardita Almonacid, directora del Departamento de Salud Municipal, valor\u00f3 positivamente el aporte. \u201cEstamos muy contentos porque este beneficio no solo favorece a los funcionarios, sino tambi\u00e9n a nuestros usuarios. Ahora, incluso en condiciones clim\u00e1ticas adversas o en horarios de oscuridad, encontrar\u00e1n iluminado el acceso al Cesfam. Agradecemos a Saesa por fortalecer esta alianza con acciones concretas\u201d, se\u00f1al\u00f3.<\/p>\n\n\n\n<p>Desde su implementaci\u00f3n, <em>Barrios con Energ\u00eda<\/em> ha beneficiado a m\u00e1s de 10.000 personas en la zona de concesi\u00f3n de Saesa, entre \u00d1uble y Ays\u00e9n. A la fecha, m\u00e1s de 41 barrios han sido favorecidos con iniciativas que fomentan la sustentabilidad, el desarrollo local y la seguridad comunitaria.<\/p>\n","protected":false},"excerpt":{"rendered":"<p>La iniciativa beneficia a usuarios y vecinos del Cesfam Los Volcanes, entregando mayor seguridad y comodidad al entorno comunitario. En el marco del programa de vinculaci\u00f3n comunitaria Barrios con Energ\u00eda,..<\/p>\n","protected":false},"author":7,"featured_media":12599,"comment_status":"closed","ping_status":"open","sticky":false,"template":"","format":"standard","meta":{"footnotes":""},"categories":[28,54],"tags":[],"class_list":["post-12598","post","type-post","status-publish","format-standard","has-post-thumbnail","hentry","category-actual","category-lago-llanquihue"],"rttpg_featured_image_url":{"full":["https:\/\/elconquistadorredloslagos.cl\/test\/wp-content\/uploads\/2025\/07\/saesa-llanquihue.png",1920,1080,false],"landscape":["https:\/\/elconquistadorredloslagos.cl\/test\/wp-content\/uploads\/2025\/07\/saesa-llanquihue.png",1920,1080,false],"portraits":["https:\/\/elconquistadorredloslagos.cl\/test\/wp-content\/uploads\/2025\/07\/saesa-llanquihue.png",1920,1080,false],"thumbnail":["https:\/\/elconquistadorredloslagos.cl\/test\/wp-content\/uploads\/2025\/07\/saesa-llanquihue-150x150.png",150,150,true],"medium":["https:\/\/elconquistadorredloslagos.cl\/test\/wp-content\/uploads\/2025\/07\/saesa-llanquihue-300x169.png",300,169,true],"large":["https:\/\/elconquistadorredloslagos.cl\/test\/wp-content\/uploads\/2025\/07\/saesa-llanquihue-1024x576.png",1024,576,true],"1536x1536":["https:\/\/elconquistadorredloslagos.cl\/test\/wp-content\/uploads\/2025\/07\/saesa-llanquihue-1536x864.png",1536,864,true],"2048x2048":["https:\/\/elconquistadorredloslagos.cl\/test\/wp-content\/uploads\/2025\/07\/saesa-llanquihue.png",1920,1080,false]},"rttpg_author":{"display_name":"enzodelahoz1988","author_link":"https:\/\/elconquistadorredloslagos.cl\/test\/blog\/author\/enzodelahoz1988\/"},"rttpg_comment":0,"rttpg_category":"<a href=\"https:\/\/elconquistadorredloslagos.cl\/test\/blog\/category\/actual\/\" rel=\"category tag\">Actualidad<\/a> <a href=\"https:\/\/elconquistadorredloslagos.cl\/test\/blog\/category\/chile\/lago-llanquihue\/\" rel=\"category tag\">Lago LLanquihue<\/a>","rttpg_excerpt":"La iniciativa beneficia a usuarios y vecinos del Cesfam Los Volcanes, entregando mayor seguridad y comodidad al entorno comunitario. En el marco del programa de vinculaci\u00f3n comunitaria Barrios con Energ\u00eda,..","_links":{"self":[{"href":"https:\/\/elconquistadorredloslagos.cl\/test\/wp-json\/wp\/v2\/posts\/12598","targetHints":{"allow":["GET"]}}],"collection":[{"href":"https:\/\/elconquistadorredloslagos.cl\/test\/wp-json\/wp\/v2\/posts"}],"about":[{"href":"https:\/\/elconquistadorredloslagos.cl\/test\/wp-json\/wp\/v2\/types\/post"}],"author":[{"embeddable":true,"href":"https:\/\/elconquistadorredloslagos.cl\/test\/wp-json\/wp\/v2\/users\/7"}],"replies":[{"embeddable":true,"href":"https:\/\/elconquistadorredloslagos.cl\/test\/wp-json\/wp\/v2\/comments?post=12598"}],"version-history":[{"count":1,"href":"https:\/\/elconquistadorredloslagos.cl\/test\/wp-json\/wp\/v2\/posts\/12598\/revisions"}],"predecessor-version":[{"id":12600,"href":"https:\/\/elconquistadorredloslagos.cl\/test\/wp-json\/wp\/v2\/posts\/12598\/revisions\/12600"}],"wp:featuredmedia":[{"embeddable":true,"href":"https:\/\/elconquistadorredloslagos.cl\/test\/wp-json\/wp\/v2\/media\/12599"}],"wp:attachment":[{"href":"https:\/\/elconquistadorredloslagos.cl\/test\/wp-json\/wp\/v2\/media?parent=12598"}],"wp:term":[{"taxonomy":"category","embeddable":true,"href":"https:\/\/elconquistadorredloslagos.cl\/test\/wp-json\/wp\/v2\/categories?post=12598"},{"taxonomy":"post_tag","embeddable":true,"href":"https:\/\/elconquistadorredloslagos.cl\/test\/wp-json\/wp\/v2\/tags?post=12598"}],"curies":[{"name":"wp","href":"https:\/\/api.w.org\/{rel}","templated":true}]}}