{"id":12587,"date":"2025-07-28T13:20:04","date_gmt":"2025-07-28T17:20:04","guid":{"rendered":"https:\/\/elconquistadorredloslagos.cl\/test\/?p=12587"},"modified":"2025-07-28T13:20:05","modified_gmt":"2025-07-28T17:20:05","slug":"dalcahue-celebro-el-exito-de-su-primer-festival-invernal-dalcahue-se-va-al-chancho","status":"publish","type":"post","link":"https:\/\/elconquistadorredloslagos.cl\/test\/blog\/2025\/07\/28\/dalcahue-celebro-el-exito-de-su-primer-festival-invernal-dalcahue-se-va-al-chancho\/","title":{"rendered":"Dalcahue celebr\u00f3 el \u00e9xito de su primer festival invernal \u201cDalcahue se va al chancho\u201d"},"content":{"rendered":"\n<p>Pese a las lluvias propias de la temporada, Dalcahue vivi\u00f3 una jornada inolvidable con la primera edici\u00f3n del festival \u201cDalcahue se va al chancho\u201d, que se llev\u00f3 a cabo en el parque municipal de T\u00e9guel y que estuvo organizado por el municipio local. La iniciativa super\u00f3 ampliamente las expectativas, consolid\u00e1ndose como un evento costumbrista con identidad y alto impacto econ\u00f3mico.<\/p>\n\n\n\n<p>La cita reuni\u00f3 a familias, turistas y emprendedores en torno a 14 m\u00f3dulos gastron\u00f3micos con preparaciones t\u00edpicas como el chancho ahumado, cazuelas y yoco, adem\u00e1s de m\u00fasica en vivo y danzas folcl\u00f3ricas que animaron todo el d\u00eda. <\/p>\n\n\n\n<p>\u201cEsta fiesta vino para quedarse. Nos llena de orgullo ver c\u00f3mo la comunidad, nuestros emprendedores y visitantes se apropiaron de este espacio con entusiasmo y cari\u00f1o. Vamos a seguir fortaleciendo estas instancias que celebran nuestra cultura y dinamizan la econom\u00eda local, incluso en invierno\u201d, se\u00f1al\u00f3 la alcaldesa Alejandra Villegas.<\/p>\n\n\n\n<p>En tanto, el administrador municipal Fernando Ru\u00edz Portilla, puntualiz\u00f3 que el evento dej\u00f3 un balance altamente positivo en t\u00e9rminos de participaci\u00f3n, dinamismo econ\u00f3mico y reactivaci\u00f3n tur\u00edstica en temporada baja.<\/p>\n\n\n\n<figure class=\"wp-block-audio\"><audio controls src=\"https:\/\/elconquistadorredloslagos.cl\/test\/wp-content\/uploads\/2025\/07\/FERNANDO-RUIZ-PORTILLA.mp3\"><\/audio><\/figure>\n\n\n\n<p>Emprendedores como Maritza Sep\u00falveda celebraron los buenos resultados. La vecina se\u00f1alando que pudo vender todos sus productos.<\/p>\n\n\n\n<figure class=\"wp-block-audio\"><audio controls src=\"https:\/\/elconquistadorredloslagos.cl\/test\/wp-content\/uploads\/2025\/07\/MARITZA-SALDIVIA-EMPRENDEDORA.mp3\"><\/audio><\/figure>\n\n\n\n<p>Asimismo, uno de los visitantes como H\u00e9ctor Riveros, valor\u00f3 el ambiente c\u00e1lido y acogedor de esta festividad isle\u00f1a. <\/p>\n\n\n\n<figure class=\"wp-block-audio\"><audio controls src=\"https:\/\/elconquistadorredloslagos.cl\/test\/wp-content\/uploads\/2025\/07\/HECTOR-RIVEROS-TURISTA.mp3\"><\/audio><\/figure>\n\n\n\n<p>El municipio ya proyecta el festival como un hito anual, posicionando a Dalcahue como un destino que buscar romper con la estacionalidad en el Archipi\u00e9lago. <\/p>\n","protected":false},"excerpt":{"rendered":"<p>Pese a las lluvias propias de la temporada, Dalcahue vivi\u00f3 una jornada inolvidable con la primera edici\u00f3n del festival \u201cDalcahue se va al chancho\u201d, que se llev\u00f3 a cabo en..<\/p>\n","protected":false},"author":2,"featured_media":12591,"comment_status":"closed","ping_status":"open","sticky":false,"template":"","format":"standard","meta":{"footnotes":""},"categories":[1,28,51,29],"tags":[],"class_list":["post-12587","post","type-post","status-publish","format-standard","has-post-thumbnail","hentry","category-acontecer","category-actual","category-chiloe","category-turismo"],"rttpg_featured_image_url":{"full":["https:\/\/elconquistadorredloslagos.cl\/test\/wp-content\/uploads\/2025\/07\/Diseno-sin-titulo-89.jpg",1920,1080,false],"landscape":["https:\/\/elconquistadorredloslagos.cl\/test\/wp-content\/uploads\/2025\/07\/Diseno-sin-titulo-89.jpg",1920,1080,false],"portraits":["https:\/\/elconquistadorredloslagos.cl\/test\/wp-content\/uploads\/2025\/07\/Diseno-sin-titulo-89.jpg",1920,1080,false],"thumbnail":["https:\/\/elconquistadorredloslagos.cl\/test\/wp-content\/uploads\/2025\/07\/Diseno-sin-titulo-89-150x150.jpg",150,150,true],"medium":["https:\/\/elconquistadorredloslagos.cl\/test\/wp-content\/uploads\/2025\/07\/Diseno-sin-titulo-89-300x169.jpg",300,169,true],"large":["https:\/\/elconquistadorredloslagos.cl\/test\/wp-content\/uploads\/2025\/07\/Diseno-sin-titulo-89-1024x576.jpg",1024,576,true],"1536x1536":["https:\/\/elconquistadorredloslagos.cl\/test\/wp-content\/uploads\/2025\/07\/Diseno-sin-titulo-89-1536x864.jpg",1536,864,true],"2048x2048":["https:\/\/elconquistadorredloslagos.cl\/test\/wp-content\/uploads\/2025\/07\/Diseno-sin-titulo-89.jpg",1920,1080,false]},"rttpg_author":{"display_name":"ccardenas","author_link":"https:\/\/elconquistadorredloslagos.cl\/test\/blog\/author\/ccardenas\/"},"rttpg_comment":0,"rttpg_category":"<a href=\"https:\/\/elconquistadorredloslagos.cl\/test\/blog\/category\/actual\/acontecer\/\" rel=\"category tag\">Acontecer<\/a> <a href=\"https:\/\/elconquistadorredloslagos.cl\/test\/blog\/category\/actual\/\" rel=\"category tag\">Actualidad<\/a> <a href=\"https:\/\/elconquistadorredloslagos.cl\/test\/blog\/category\/chile\/chiloe\/\" rel=\"category tag\">Chilo\u00e9<\/a> <a href=\"https:\/\/elconquistadorredloslagos.cl\/test\/blog\/category\/actual\/turismo\/\" rel=\"category tag\">Turismo<\/a>","rttpg_excerpt":"Pese a las lluvias propias de la temporada, Dalcahue vivi\u00f3 una jornada inolvidable con la primera edici\u00f3n del festival \u201cDalcahue se va al chancho\u201d, que se llev\u00f3 a cabo en..","_links":{"self":[{"href":"https:\/\/elconquistadorredloslagos.cl\/test\/wp-json\/wp\/v2\/posts\/12587","targetHints":{"allow":["GET"]}}],"collection":[{"href":"https:\/\/elconquistadorredloslagos.cl\/test\/wp-json\/wp\/v2\/posts"}],"about":[{"href":"https:\/\/elconquistadorredloslagos.cl\/test\/wp-json\/wp\/v2\/types\/post"}],"author":[{"embeddable":true,"href":"https:\/\/elconquistadorredloslagos.cl\/test\/wp-json\/wp\/v2\/users\/2"}],"replies":[{"embeddable":true,"href":"https:\/\/elconquistadorredloslagos.cl\/test\/wp-json\/wp\/v2\/comments?post=12587"}],"version-history":[{"count":1,"href":"https:\/\/elconquistadorredloslagos.cl\/test\/wp-json\/wp\/v2\/posts\/12587\/revisions"}],"predecessor-version":[{"id":12592,"href":"https:\/\/elconquistadorredloslagos.cl\/test\/wp-json\/wp\/v2\/posts\/12587\/revisions\/12592"}],"wp:featuredmedia":[{"embeddable":true,"href":"https:\/\/elconquistadorredloslagos.cl\/test\/wp-json\/wp\/v2\/media\/12591"}],"wp:attachment":[{"href":"https:\/\/elconquistadorredloslagos.cl\/test\/wp-json\/wp\/v2\/media?parent=12587"}],"wp:term":[{"taxonomy":"category","embeddable":true,"href":"https:\/\/elconquistadorredloslagos.cl\/test\/wp-json\/wp\/v2\/categories?post=12587"},{"taxonomy":"post_tag","embeddable":true,"href":"https:\/\/elconquistadorredloslagos.cl\/test\/wp-json\/wp\/v2\/tags?post=12587"}],"curies":[{"name":"wp","href":"https:\/\/api.w.org\/{rel}","templated":true}]}}