{"id":12572,"date":"2025-07-26T09:38:04","date_gmt":"2025-07-26T13:38:04","guid":{"rendered":"https:\/\/elconquistadorredloslagos.cl\/test\/?p=12572"},"modified":"2025-07-28T09:47:14","modified_gmt":"2025-07-28T13:47:14","slug":"alcalde-de-frutillar-lamenta-deceso-de-vecina-en-hecho-policial-y-anuncia-apoyo-a-la-familia","status":"publish","type":"post","link":"https:\/\/elconquistadorredloslagos.cl\/test\/blog\/2025\/07\/26\/alcalde-de-frutillar-lamenta-deceso-de-vecina-en-hecho-policial-y-anuncia-apoyo-a-la-familia\/","title":{"rendered":"Alcalde de Frutillar lamenta deceso de vecina en hecho policial y anuncia apoyo a la familia"},"content":{"rendered":"\n<p>El alcalde de Frutillar, Javier Arismendi, expres\u00f3 su profundo pesar y condena ante el fallecimiento de una vecina de la comuna, quien muri\u00f3 la noche del jueves en un hecho delictual ocurrido en su domicilio.<\/p>\n\n\n\n<p>En el marco de una r\u00e1pida investigaci\u00f3n, Carabineros logr\u00f3 la detenci\u00f3n de dos personas que ser\u00edan los presuntos autores del crimen, quienes ya fueron puestos a disposici\u00f3n del Ministerio P\u00fablico en Puerto Varas.<\/p>\n\n\n\n<p>Al respecto, la autoridad comunal valor\u00f3 el trabajo desplegado por personal de la Subcomisar\u00eda de Carabineros de Frutillar, con apoyo de personal de otras unidades de la provincia de Llanquihue, destacando la eficacia del operativo que permiti\u00f3 identificar y capturar a los sospechosos poco despu\u00e9s del hecho.<\/p>\n\n\n\n<p>\u201cLamentamos profundamente la p\u00e9rdida de una vecina en estas tr\u00e1gicas circunstancias. Como municipio, condenamos categ\u00f3ricamente este acto de violencia y valoramos la labor de Carabineros, que actu\u00f3 con rapidez y profesionalismo para dar con los presuntos responsables\u201d, declar\u00f3 el alcalde Arismendi.<\/p>\n\n\n\n<p>Asimismo, la autoridad se\u00f1al\u00f3 que desde el municipio se tomar\u00e1n las medidas necesarias para brindar apoyo a la familia de la v\u00edctima.<br>\u201cEstableceremos contacto con los familiares para entregarles nuestro respaldo en este dif\u00edcil momento y reiteramos nuestro compromiso con la seguridad de la comuna\u201d, indic\u00f3.<\/p>\n\n\n\n<p>En ese sentido, el jefe comunal reafirm\u00f3 que se continuar\u00e1 fortaleciendo la Oficina de Seguridad P\u00fablica local, con el objetivo de reforzar la prevenci\u00f3n del delito y colaborar de manera activa con las polic\u00edas.<\/p>\n","protected":false},"excerpt":{"rendered":"<p>El alcalde de Frutillar, Javier Arismendi, expres\u00f3 su profundo pesar y condena ante el fallecimiento de una vecina de la comuna, quien muri\u00f3 la noche del jueves en un hecho..<\/p>\n","protected":false},"author":7,"featured_media":12573,"comment_status":"closed","ping_status":"open","sticky":false,"template":"","format":"standard","meta":{"footnotes":""},"categories":[28,54],"tags":[],"class_list":["post-12572","post","type-post","status-publish","format-standard","has-post-thumbnail","hentry","category-actual","category-lago-llanquihue"],"rttpg_featured_image_url":{"full":["https:\/\/elconquistadorredloslagos.cl\/test\/wp-content\/uploads\/2025\/07\/muni-frutillar.png",1920,1080,false],"landscape":["https:\/\/elconquistadorredloslagos.cl\/test\/wp-content\/uploads\/2025\/07\/muni-frutillar.png",1920,1080,false],"portraits":["https:\/\/elconquistadorredloslagos.cl\/test\/wp-content\/uploads\/2025\/07\/muni-frutillar.png",1920,1080,false],"thumbnail":["https:\/\/elconquistadorredloslagos.cl\/test\/wp-content\/uploads\/2025\/07\/muni-frutillar-150x150.png",150,150,true],"medium":["https:\/\/elconquistadorredloslagos.cl\/test\/wp-content\/uploads\/2025\/07\/muni-frutillar-300x169.png",300,169,true],"large":["https:\/\/elconquistadorredloslagos.cl\/test\/wp-content\/uploads\/2025\/07\/muni-frutillar-1024x576.png",1024,576,true],"1536x1536":["https:\/\/elconquistadorredloslagos.cl\/test\/wp-content\/uploads\/2025\/07\/muni-frutillar-1536x864.png",1536,864,true],"2048x2048":["https:\/\/elconquistadorredloslagos.cl\/test\/wp-content\/uploads\/2025\/07\/muni-frutillar.png",1920,1080,false]},"rttpg_author":{"display_name":"enzodelahoz1988","author_link":"https:\/\/elconquistadorredloslagos.cl\/test\/blog\/author\/enzodelahoz1988\/"},"rttpg_comment":0,"rttpg_category":"<a href=\"https:\/\/elconquistadorredloslagos.cl\/test\/blog\/category\/actual\/\" rel=\"category tag\">Actualidad<\/a> <a href=\"https:\/\/elconquistadorredloslagos.cl\/test\/blog\/category\/chile\/lago-llanquihue\/\" rel=\"category tag\">Lago LLanquihue<\/a>","rttpg_excerpt":"El alcalde de Frutillar, Javier Arismendi, expres\u00f3 su profundo pesar y condena ante el fallecimiento de una vecina de la comuna, quien muri\u00f3 la noche del jueves en un hecho..","_links":{"self":[{"href":"https:\/\/elconquistadorredloslagos.cl\/test\/wp-json\/wp\/v2\/posts\/12572","targetHints":{"allow":["GET"]}}],"collection":[{"href":"https:\/\/elconquistadorredloslagos.cl\/test\/wp-json\/wp\/v2\/posts"}],"about":[{"href":"https:\/\/elconquistadorredloslagos.cl\/test\/wp-json\/wp\/v2\/types\/post"}],"author":[{"embeddable":true,"href":"https:\/\/elconquistadorredloslagos.cl\/test\/wp-json\/wp\/v2\/users\/7"}],"replies":[{"embeddable":true,"href":"https:\/\/elconquistadorredloslagos.cl\/test\/wp-json\/wp\/v2\/comments?post=12572"}],"version-history":[{"count":1,"href":"https:\/\/elconquistadorredloslagos.cl\/test\/wp-json\/wp\/v2\/posts\/12572\/revisions"}],"predecessor-version":[{"id":12574,"href":"https:\/\/elconquistadorredloslagos.cl\/test\/wp-json\/wp\/v2\/posts\/12572\/revisions\/12574"}],"wp:featuredmedia":[{"embeddable":true,"href":"https:\/\/elconquistadorredloslagos.cl\/test\/wp-json\/wp\/v2\/media\/12573"}],"wp:attachment":[{"href":"https:\/\/elconquistadorredloslagos.cl\/test\/wp-json\/wp\/v2\/media?parent=12572"}],"wp:term":[{"taxonomy":"category","embeddable":true,"href":"https:\/\/elconquistadorredloslagos.cl\/test\/wp-json\/wp\/v2\/categories?post=12572"},{"taxonomy":"post_tag","embeddable":true,"href":"https:\/\/elconquistadorredloslagos.cl\/test\/wp-json\/wp\/v2\/tags?post=12572"}],"curies":[{"name":"wp","href":"https:\/\/api.w.org\/{rel}","templated":true}]}}