{"id":12569,"date":"2025-07-28T09:30:07","date_gmt":"2025-07-28T13:30:07","guid":{"rendered":"https:\/\/elconquistadorredloslagos.cl\/test\/?p=12569"},"modified":"2025-07-28T09:30:07","modified_gmt":"2025-07-28T13:30:07","slug":"kast-toma-la-delantera-en-cadem-y-supera-por-primera-vez-a-jara-en-primera-vuelta","status":"publish","type":"post","link":"https:\/\/elconquistadorredloslagos.cl\/test\/blog\/2025\/07\/28\/kast-toma-la-delantera-en-cadem-y-supera-por-primera-vez-a-jara-en-primera-vuelta\/","title":{"rendered":"Kast toma la delantera en Cadem y supera por primera vez a Jara en primera vuelta"},"content":{"rendered":"\n<p><strong>El l\u00edder republicano alcanza un 30% de las preferencias, mientras que la ministra Jeannette Jara obtiene un 27%. Matthei cae al tercer lugar con un 14%.<\/strong><\/p>\n\n\n\n<p>A 113 d\u00edas de las elecciones presidenciales, el escenario pol\u00edtico comienza a definirse con mayor claridad. Seg\u00fan la m\u00e1s reciente <strong>encuesta Plaza P\u00fablica Cadem<\/strong>, correspondiente a la cuarta semana de julio, <strong>Jos\u00e9 Antonio Kast<\/strong> (Partido Republicano) lidera por primera vez la intenci\u00f3n de voto en una eventual primera vuelta con un <strong>30%<\/strong> de respaldo ciudadano, subiendo tres puntos respecto de la medici\u00f3n anterior.<\/p>\n\n\n\n<p>En segundo lugar aparece la ex ministra del Trabajo, <strong>Jeannette Jara<\/strong> (Partido Comunista), con un <strong>27%<\/strong>, consolidando su ascenso como la principal carta presidencial de la izquierda. La figura de la derecha tradicional, <strong>Evelyn Matthei<\/strong>, retrocede al tercer lugar con un <strong>14%<\/strong>. M\u00e1s atr\u00e1s figuran <strong>Franco Parisi (11%, +2pts)<\/strong>, <strong>Johannes Kaiser (5%, -3pts)<\/strong>, <strong>Harold Mayne-Nicholls (2%)<\/strong>, <strong>Marco Enr\u00edquez-Ominami (1%)<\/strong> y <strong>Eduardo Art\u00e9s (1%)<\/strong>.<\/p>\n\n\n\n<p>En cuanto a la <strong>intenci\u00f3n de voto espont\u00e1neo<\/strong>, Kast tambi\u00e9n lidera con <strong>25%<\/strong>, seguido muy de cerca por Jara, que alcanza un <strong>24%<\/strong>, mientras que Matthei registra un 12%. Parisi sube a 8%, Kaiser baja a 5% y el resto de los candidatos se mantiene con cifras marginales. El sondeo destaca adem\u00e1s un alto nivel de inter\u00e9s por los comicios: el <strong>65% de los encuestados dice estar muy interesado en las elecciones<\/strong>, y un <strong>88% asegura que ir\u00e1 a votar<\/strong>, lo que representa un alza de cuatro puntos respecto a la semana anterior.<\/p>\n\n\n\n<p>Tras la publicaci\u00f3n de los resultados, <strong>Jos\u00e9 Antonio Kast<\/strong> utiliz\u00f3 sus redes sociales para entregar un mensaje de cautela y proyecci\u00f3n. \u201c<strong>Quedan 113 d\u00edas para la elecci\u00f3n: muchos debates, propuestas y encuentros con la ciudadan\u00eda. Que nadie se equivoque con las encuestas: no hay nada que celebrar. Hay que trabajar con m\u00e1s fuerza para ganar en diciembre y comenzar en marzo la reconstrucci\u00f3n de Chile<\/strong>\u201d, escribi\u00f3 en su cuenta de X (antes Twitter), se\u00f1alando que la campa\u00f1a reci\u00e9n comienza.<\/p>\n","protected":false},"excerpt":{"rendered":"<p>El l\u00edder republicano alcanza un 30% de las preferencias, mientras que la ministra Jeannette Jara obtiene un 27%. Matthei cae al tercer lugar con un 14%. A 113 d\u00edas de..<\/p>\n","protected":false},"author":7,"featured_media":12570,"comment_status":"closed","ping_status":"open","sticky":false,"template":"","format":"standard","meta":{"footnotes":""},"categories":[28],"tags":[],"class_list":["post-12569","post","type-post","status-publish","format-standard","has-post-thumbnail","hentry","category-actual"],"rttpg_featured_image_url":{"full":["https:\/\/elconquistadorredloslagos.cl\/test\/wp-content\/uploads\/2025\/07\/kast-cadem.png",1920,1080,false],"landscape":["https:\/\/elconquistadorredloslagos.cl\/test\/wp-content\/uploads\/2025\/07\/kast-cadem.png",1920,1080,false],"portraits":["https:\/\/elconquistadorredloslagos.cl\/test\/wp-content\/uploads\/2025\/07\/kast-cadem.png",1920,1080,false],"thumbnail":["https:\/\/elconquistadorredloslagos.cl\/test\/wp-content\/uploads\/2025\/07\/kast-cadem-150x150.png",150,150,true],"medium":["https:\/\/elconquistadorredloslagos.cl\/test\/wp-content\/uploads\/2025\/07\/kast-cadem-300x169.png",300,169,true],"large":["https:\/\/elconquistadorredloslagos.cl\/test\/wp-content\/uploads\/2025\/07\/kast-cadem-1024x576.png",1024,576,true],"1536x1536":["https:\/\/elconquistadorredloslagos.cl\/test\/wp-content\/uploads\/2025\/07\/kast-cadem-1536x864.png",1536,864,true],"2048x2048":["https:\/\/elconquistadorredloslagos.cl\/test\/wp-content\/uploads\/2025\/07\/kast-cadem.png",1920,1080,false]},"rttpg_author":{"display_name":"enzodelahoz1988","author_link":"https:\/\/elconquistadorredloslagos.cl\/test\/blog\/author\/enzodelahoz1988\/"},"rttpg_comment":0,"rttpg_category":"<a href=\"https:\/\/elconquistadorredloslagos.cl\/test\/blog\/category\/actual\/\" rel=\"category tag\">Actualidad<\/a>","rttpg_excerpt":"El l\u00edder republicano alcanza un 30% de las preferencias, mientras que la ministra Jeannette Jara obtiene un 27%. Matthei cae al tercer lugar con un 14%. A 113 d\u00edas de..","_links":{"self":[{"href":"https:\/\/elconquistadorredloslagos.cl\/test\/wp-json\/wp\/v2\/posts\/12569","targetHints":{"allow":["GET"]}}],"collection":[{"href":"https:\/\/elconquistadorredloslagos.cl\/test\/wp-json\/wp\/v2\/posts"}],"about":[{"href":"https:\/\/elconquistadorredloslagos.cl\/test\/wp-json\/wp\/v2\/types\/post"}],"author":[{"embeddable":true,"href":"https:\/\/elconquistadorredloslagos.cl\/test\/wp-json\/wp\/v2\/users\/7"}],"replies":[{"embeddable":true,"href":"https:\/\/elconquistadorredloslagos.cl\/test\/wp-json\/wp\/v2\/comments?post=12569"}],"version-history":[{"count":1,"href":"https:\/\/elconquistadorredloslagos.cl\/test\/wp-json\/wp\/v2\/posts\/12569\/revisions"}],"predecessor-version":[{"id":12571,"href":"https:\/\/elconquistadorredloslagos.cl\/test\/wp-json\/wp\/v2\/posts\/12569\/revisions\/12571"}],"wp:featuredmedia":[{"embeddable":true,"href":"https:\/\/elconquistadorredloslagos.cl\/test\/wp-json\/wp\/v2\/media\/12570"}],"wp:attachment":[{"href":"https:\/\/elconquistadorredloslagos.cl\/test\/wp-json\/wp\/v2\/media?parent=12569"}],"wp:term":[{"taxonomy":"category","embeddable":true,"href":"https:\/\/elconquistadorredloslagos.cl\/test\/wp-json\/wp\/v2\/categories?post=12569"},{"taxonomy":"post_tag","embeddable":true,"href":"https:\/\/elconquistadorredloslagos.cl\/test\/wp-json\/wp\/v2\/tags?post=12569"}],"curies":[{"name":"wp","href":"https:\/\/api.w.org\/{rel}","templated":true}]}}