{"id":12558,"date":"2025-07-25T17:33:06","date_gmt":"2025-07-25T21:33:06","guid":{"rendered":"https:\/\/elconquistadorredloslagos.cl\/test\/?p=12558"},"modified":"2025-07-25T17:33:19","modified_gmt":"2025-07-25T21:33:19","slug":"chaiten-avanza-hacia-un-desarrollo-integral-en-su-zona-sur","status":"publish","type":"post","link":"https:\/\/elconquistadorredloslagos.cl\/test\/blog\/2025\/07\/25\/chaiten-avanza-hacia-un-desarrollo-integral-en-su-zona-sur\/","title":{"rendered":"Chait\u00e9n avanza hacia un desarrollo integral en su zona sur"},"content":{"rendered":"\n<p>Una importante jornada de trabajo se desarroll\u00f3 en la comuna de Chait\u00e9n, donde autoridades locales y regionales se reunieron para abordar de forma coordinada el desarrollo de la zona sur de la ciudad.<\/p>\n\n\n\n<p>Durante el encuentro, se destac\u00f3 la existencia de un oficio emitido recientemente por el Ministerio de Vivienda, el cual fue valorado como un avance significativo para destrabar procesos que por a\u00f1os han frenado el crecimiento urbano y las inversiones p\u00fablicas en ese sector, tras las devastadoras consecuencias de la erupci\u00f3n del volc\u00e1n en el a\u00f1o 2009.<\/p>\n\n\n\n<p>En torno a aquello el gobernador regional, Alejandro Santana, recalc\u00f3 que es fundamental la coordinaci\u00f3n que tiene que existir entre todos los distintos servicios p\u00fablicos involucrados.<\/p>\n\n\n\n<figure class=\"wp-block-audio\"><audio controls src=\"https:\/\/elconquistadorredloslagos.cl\/test\/wp-content\/uploads\/2025\/07\/CUNA-SANTANA-2.mp3\"><\/audio><\/figure>\n\n\n\n<p>Por su parte Evangelina Melinao, presidenta de la junta de vecinos Chait\u00e9n Sur, agradeci\u00f3 la instancia, principalmente por los compromisos adquiridos.<\/p>\n\n\n\n<figure class=\"wp-block-audio\"><audio controls src=\"https:\/\/elconquistadorredloslagos.cl\/test\/wp-content\/uploads\/2025\/07\/CUNA-VECINA-CHAITEN.mp3\"><\/audio><\/figure>\n\n\n\n<p>En tanto la alcaldesa de Chait\u00e9n, Clara Lazcano, indic\u00f3 que es de suma relevancia que los documentos enviados a las autoridades del nivel central lleguen a buen puerto, permitiendo realizar inversiones en diferentes \u00e1mbitos<\/p>\n\n\n\n<figure class=\"wp-block-audio\"><audio controls src=\"https:\/\/elconquistadorredloslagos.cl\/test\/wp-content\/uploads\/2025\/07\/CUNA-ALCALDESA-1.mp3\"><\/audio><\/figure>\n\n\n\n<p>Se espera continuar este tipo de procesos en beneficio directo de las familias del sur de Chait\u00e9n.<\/p>\n","protected":false},"excerpt":{"rendered":"<p>Una importante jornada de trabajo se desarroll\u00f3 en la comuna de Chait\u00e9n, donde autoridades locales y regionales se reunieron para abordar de forma coordinada el desarrollo de la zona sur..<\/p>\n","protected":false},"author":2,"featured_media":12564,"comment_status":"closed","ping_status":"open","sticky":false,"template":"","format":"standard","meta":{"footnotes":""},"categories":[1,28],"tags":[],"class_list":["post-12558","post","type-post","status-publish","format-standard","has-post-thumbnail","hentry","category-acontecer","category-actual"],"rttpg_featured_image_url":{"full":["https:\/\/elconquistadorredloslagos.cl\/test\/wp-content\/uploads\/2025\/07\/Diseno-sin-titulo-2-8.jpg",1920,1080,false],"landscape":["https:\/\/elconquistadorredloslagos.cl\/test\/wp-content\/uploads\/2025\/07\/Diseno-sin-titulo-2-8.jpg",1920,1080,false],"portraits":["https:\/\/elconquistadorredloslagos.cl\/test\/wp-content\/uploads\/2025\/07\/Diseno-sin-titulo-2-8.jpg",1920,1080,false],"thumbnail":["https:\/\/elconquistadorredloslagos.cl\/test\/wp-content\/uploads\/2025\/07\/Diseno-sin-titulo-2-8-150x150.jpg",150,150,true],"medium":["https:\/\/elconquistadorredloslagos.cl\/test\/wp-content\/uploads\/2025\/07\/Diseno-sin-titulo-2-8-300x169.jpg",300,169,true],"large":["https:\/\/elconquistadorredloslagos.cl\/test\/wp-content\/uploads\/2025\/07\/Diseno-sin-titulo-2-8-1024x576.jpg",1024,576,true],"1536x1536":["https:\/\/elconquistadorredloslagos.cl\/test\/wp-content\/uploads\/2025\/07\/Diseno-sin-titulo-2-8-1536x864.jpg",1536,864,true],"2048x2048":["https:\/\/elconquistadorredloslagos.cl\/test\/wp-content\/uploads\/2025\/07\/Diseno-sin-titulo-2-8.jpg",1920,1080,false]},"rttpg_author":{"display_name":"ccardenas","author_link":"https:\/\/elconquistadorredloslagos.cl\/test\/blog\/author\/ccardenas\/"},"rttpg_comment":0,"rttpg_category":"<a href=\"https:\/\/elconquistadorredloslagos.cl\/test\/blog\/category\/actual\/acontecer\/\" rel=\"category tag\">Acontecer<\/a> <a href=\"https:\/\/elconquistadorredloslagos.cl\/test\/blog\/category\/actual\/\" rel=\"category tag\">Actualidad<\/a>","rttpg_excerpt":"Una importante jornada de trabajo se desarroll\u00f3 en la comuna de Chait\u00e9n, donde autoridades locales y regionales se reunieron para abordar de forma coordinada el desarrollo de la zona sur..","_links":{"self":[{"href":"https:\/\/elconquistadorredloslagos.cl\/test\/wp-json\/wp\/v2\/posts\/12558","targetHints":{"allow":["GET"]}}],"collection":[{"href":"https:\/\/elconquistadorredloslagos.cl\/test\/wp-json\/wp\/v2\/posts"}],"about":[{"href":"https:\/\/elconquistadorredloslagos.cl\/test\/wp-json\/wp\/v2\/types\/post"}],"author":[{"embeddable":true,"href":"https:\/\/elconquistadorredloslagos.cl\/test\/wp-json\/wp\/v2\/users\/2"}],"replies":[{"embeddable":true,"href":"https:\/\/elconquistadorredloslagos.cl\/test\/wp-json\/wp\/v2\/comments?post=12558"}],"version-history":[{"count":1,"href":"https:\/\/elconquistadorredloslagos.cl\/test\/wp-json\/wp\/v2\/posts\/12558\/revisions"}],"predecessor-version":[{"id":12565,"href":"https:\/\/elconquistadorredloslagos.cl\/test\/wp-json\/wp\/v2\/posts\/12558\/revisions\/12565"}],"wp:featuredmedia":[{"embeddable":true,"href":"https:\/\/elconquistadorredloslagos.cl\/test\/wp-json\/wp\/v2\/media\/12564"}],"wp:attachment":[{"href":"https:\/\/elconquistadorredloslagos.cl\/test\/wp-json\/wp\/v2\/media?parent=12558"}],"wp:term":[{"taxonomy":"category","embeddable":true,"href":"https:\/\/elconquistadorredloslagos.cl\/test\/wp-json\/wp\/v2\/categories?post=12558"},{"taxonomy":"post_tag","embeddable":true,"href":"https:\/\/elconquistadorredloslagos.cl\/test\/wp-json\/wp\/v2\/tags?post=12558"}],"curies":[{"name":"wp","href":"https:\/\/api.w.org\/{rel}","templated":true}]}}