{"id":12554,"date":"2025-07-25T17:13:25","date_gmt":"2025-07-25T21:13:25","guid":{"rendered":"https:\/\/elconquistadorredloslagos.cl\/test\/?p=12554"},"modified":"2025-07-25T17:13:26","modified_gmt":"2025-07-25T21:13:26","slug":"mujer-muere-baleada-en-su-casa-de-frutillar-y-hay-dos-detenidos","status":"publish","type":"post","link":"https:\/\/elconquistadorredloslagos.cl\/test\/blog\/2025\/07\/25\/mujer-muere-baleada-en-su-casa-de-frutillar-y-hay-dos-detenidos\/","title":{"rendered":"Mujer muere baleada en su casa de Frutillar y hay dos detenidos"},"content":{"rendered":"\n<p>Una mujer de 43 a\u00f1os falleci\u00f3 durante la madrugada de este jueves en Frutillar, luego de ser atacada con un arma de fuego al interior de su vivienda. El hecho ocurri\u00f3 la noche del 24 de julio, cuando dos sujetos ingresaron al domicilio de la v\u00edctima y, tras una discusi\u00f3n, uno de ellos le dispar\u00f3 en el abdomen.<\/p>\n\n\n\n<p>La mujer fue trasladada de urgencia al hospital local, donde pese a los esfuerzos m\u00e9dicos se confirm\u00f3 su deceso.<\/p>\n\n\n\n<p>Detectives de la Brigada de Homicidios de la PDI de Puerto Montt quedaron a cargo de las diligencias investigativas, logrando establecer preliminarmente la din\u00e1mica del crimen. Detalles que fueron entregados por el jefe de la Brigada de Homicidios de Puerto Montt, subprefecto Carlos Correa.<\/p>\n\n\n\n<figure class=\"wp-block-audio\"><audio controls src=\"https:\/\/elconquistadorredloslagos.cl\/test\/wp-content\/uploads\/2025\/07\/CUNA-PDI-FRUTILLAR.mp3\"><\/audio><\/figure>\n\n\n\n<p>En tanto, Carabineros detuvo en flagrancia a los dos presuntos implicados mientras transitaban por la v\u00eda p\u00fablica. Ambos quedaron a disposici\u00f3n del Ministerio P\u00fablico, mientras se contin\u00faa con la recolecci\u00f3n de antecedentes para esclarecer las circunstancias del homicidio.<\/p>\n\n\n\n<p>\ud83d\udcf7 Contexto<\/p>\n","protected":false},"excerpt":{"rendered":"<p>Una mujer de 43 a\u00f1os falleci\u00f3 durante la madrugada de este jueves en Frutillar, luego de ser atacada con un arma de fuego al interior de su vivienda. El hecho..<\/p>\n","protected":false},"author":2,"featured_media":12556,"comment_status":"closed","ping_status":"open","sticky":false,"template":"","format":"standard","meta":{"footnotes":""},"categories":[1,28],"tags":[],"class_list":["post-12554","post","type-post","status-publish","format-standard","has-post-thumbnail","hentry","category-acontecer","category-actual"],"rttpg_featured_image_url":{"full":["https:\/\/elconquistadorredloslagos.cl\/test\/wp-content\/uploads\/2025\/07\/Diseno-sin-titulo-2-7.jpg",1920,1080,false],"landscape":["https:\/\/elconquistadorredloslagos.cl\/test\/wp-content\/uploads\/2025\/07\/Diseno-sin-titulo-2-7.jpg",1920,1080,false],"portraits":["https:\/\/elconquistadorredloslagos.cl\/test\/wp-content\/uploads\/2025\/07\/Diseno-sin-titulo-2-7.jpg",1920,1080,false],"thumbnail":["https:\/\/elconquistadorredloslagos.cl\/test\/wp-content\/uploads\/2025\/07\/Diseno-sin-titulo-2-7-150x150.jpg",150,150,true],"medium":["https:\/\/elconquistadorredloslagos.cl\/test\/wp-content\/uploads\/2025\/07\/Diseno-sin-titulo-2-7-300x169.jpg",300,169,true],"large":["https:\/\/elconquistadorredloslagos.cl\/test\/wp-content\/uploads\/2025\/07\/Diseno-sin-titulo-2-7-1024x576.jpg",1024,576,true],"1536x1536":["https:\/\/elconquistadorredloslagos.cl\/test\/wp-content\/uploads\/2025\/07\/Diseno-sin-titulo-2-7-1536x864.jpg",1536,864,true],"2048x2048":["https:\/\/elconquistadorredloslagos.cl\/test\/wp-content\/uploads\/2025\/07\/Diseno-sin-titulo-2-7.jpg",1920,1080,false]},"rttpg_author":{"display_name":"ccardenas","author_link":"https:\/\/elconquistadorredloslagos.cl\/test\/blog\/author\/ccardenas\/"},"rttpg_comment":0,"rttpg_category":"<a href=\"https:\/\/elconquistadorredloslagos.cl\/test\/blog\/category\/actual\/acontecer\/\" rel=\"category tag\">Acontecer<\/a> <a href=\"https:\/\/elconquistadorredloslagos.cl\/test\/blog\/category\/actual\/\" rel=\"category tag\">Actualidad<\/a>","rttpg_excerpt":"Una mujer de 43 a\u00f1os falleci\u00f3 durante la madrugada de este jueves en Frutillar, luego de ser atacada con un arma de fuego al interior de su vivienda. El hecho..","_links":{"self":[{"href":"https:\/\/elconquistadorredloslagos.cl\/test\/wp-json\/wp\/v2\/posts\/12554","targetHints":{"allow":["GET"]}}],"collection":[{"href":"https:\/\/elconquistadorredloslagos.cl\/test\/wp-json\/wp\/v2\/posts"}],"about":[{"href":"https:\/\/elconquistadorredloslagos.cl\/test\/wp-json\/wp\/v2\/types\/post"}],"author":[{"embeddable":true,"href":"https:\/\/elconquistadorredloslagos.cl\/test\/wp-json\/wp\/v2\/users\/2"}],"replies":[{"embeddable":true,"href":"https:\/\/elconquistadorredloslagos.cl\/test\/wp-json\/wp\/v2\/comments?post=12554"}],"version-history":[{"count":1,"href":"https:\/\/elconquistadorredloslagos.cl\/test\/wp-json\/wp\/v2\/posts\/12554\/revisions"}],"predecessor-version":[{"id":12557,"href":"https:\/\/elconquistadorredloslagos.cl\/test\/wp-json\/wp\/v2\/posts\/12554\/revisions\/12557"}],"wp:featuredmedia":[{"embeddable":true,"href":"https:\/\/elconquistadorredloslagos.cl\/test\/wp-json\/wp\/v2\/media\/12556"}],"wp:attachment":[{"href":"https:\/\/elconquistadorredloslagos.cl\/test\/wp-json\/wp\/v2\/media?parent=12554"}],"wp:term":[{"taxonomy":"category","embeddable":true,"href":"https:\/\/elconquistadorredloslagos.cl\/test\/wp-json\/wp\/v2\/categories?post=12554"},{"taxonomy":"post_tag","embeddable":true,"href":"https:\/\/elconquistadorredloslagos.cl\/test\/wp-json\/wp\/v2\/tags?post=12554"}],"curies":[{"name":"wp","href":"https:\/\/api.w.org\/{rel}","templated":true}]}}