{"id":12512,"date":"2025-07-24T16:36:56","date_gmt":"2025-07-24T20:36:56","guid":{"rendered":"https:\/\/elconquistadorredloslagos.cl\/test\/?p=12512"},"modified":"2025-07-24T16:36:56","modified_gmt":"2025-07-24T20:36:56","slug":"osorno-en-llamas-tras-seguidilla-de-incendios-que-dejan-27-damnificados","status":"publish","type":"post","link":"https:\/\/elconquistadorredloslagos.cl\/test\/blog\/2025\/07\/24\/osorno-en-llamas-tras-seguidilla-de-incendios-que-dejan-27-damnificados\/","title":{"rendered":"Osorno en llamas tras seguidilla de incendios que dejan 27 damnificados"},"content":{"rendered":"\n<p>Un nuevo incendio registrado la tarde del mi\u00e9rcoles en el campamento \u201cPor un futuro mejor\u201d, en Rahue Alto Sur, dej\u00f3 tres viviendas de material ligero destruidas y siete personas damnificadas. El fuego se habr\u00eda originado en una casa deshabitada, utilizada por desconocidos como refugio ante las bajas temperaturas.<\/p>\n\n\n\n<p>Se trata del tercer siniestro de magnitud ocurrido en menos de 24 horas en la ciudad de Osorno. La madrugada del mismo mi\u00e9rcoles, una vivienda patrimonial en pleno centro fue consumida por las llamas, dejando a 18 personas sin hogar. A esto se suma el incendio del martes en Ovejer\u00eda Bajo, que afect\u00f3 a dos personas.<\/p>\n\n\n\n<p>La seguidilla de emergencias moviliz\u00f3 a un gran n\u00famero de voluntarios y encendi\u00f3 las alertas en Bomberos. El comandante Javier Rupertus expres\u00f3 su preocupaci\u00f3n por el aumento en el uso de fuentes de calor durante el invierno e hizo un llamado a la comunidad a tomar medidas preventivas. <\/p>\n\n\n\n<p>\ud83d\udcf7 <a href=\"https:\/\/www.facebook.com\/ministeriocasadedioschile?__cft__[0]=AZUJN3w0PyDGuIQfRN8zH4Zj0jqP-49IWZkChmjmQLLrK9wT4cGBJ54SWkTzI1DNj2-0JvuhwNFWZu0hQjD4QlzxXlcdO7qCHpnd7GSfwb5R2T53ENBSzz56X6gKefRVpqfDTqEMap7JqM8F0oV5eJEkmVpkKnPlaqMNBHqdafrTmR68vRK-Jo6zfOqvvQjT8Gs&amp;__tn__=-UC*F\">Mcdtelevision Osorno<\/a> &#8211; Facebook<\/p>\n","protected":false},"excerpt":{"rendered":"<p>Un nuevo incendio registrado la tarde del mi\u00e9rcoles en el campamento \u201cPor un futuro mejor\u201d, en Rahue Alto Sur, dej\u00f3 tres viviendas de material ligero destruidas y siete personas damnificadas&#8230;<\/p>\n","protected":false},"author":2,"featured_media":12513,"comment_status":"closed","ping_status":"open","sticky":false,"template":"","format":"standard","meta":{"footnotes":""},"categories":[1,28,55],"tags":[],"class_list":["post-12512","post","type-post","status-publish","format-standard","has-post-thumbnail","hentry","category-acontecer","category-actual","category-osorno"],"rttpg_featured_image_url":{"full":["https:\/\/elconquistadorredloslagos.cl\/test\/wp-content\/uploads\/2025\/07\/Diseno-sin-titulo-85.jpg",1920,1080,false],"landscape":["https:\/\/elconquistadorredloslagos.cl\/test\/wp-content\/uploads\/2025\/07\/Diseno-sin-titulo-85.jpg",1920,1080,false],"portraits":["https:\/\/elconquistadorredloslagos.cl\/test\/wp-content\/uploads\/2025\/07\/Diseno-sin-titulo-85.jpg",1920,1080,false],"thumbnail":["https:\/\/elconquistadorredloslagos.cl\/test\/wp-content\/uploads\/2025\/07\/Diseno-sin-titulo-85-150x150.jpg",150,150,true],"medium":["https:\/\/elconquistadorredloslagos.cl\/test\/wp-content\/uploads\/2025\/07\/Diseno-sin-titulo-85-300x169.jpg",300,169,true],"large":["https:\/\/elconquistadorredloslagos.cl\/test\/wp-content\/uploads\/2025\/07\/Diseno-sin-titulo-85-1024x576.jpg",1024,576,true],"1536x1536":["https:\/\/elconquistadorredloslagos.cl\/test\/wp-content\/uploads\/2025\/07\/Diseno-sin-titulo-85-1536x864.jpg",1536,864,true],"2048x2048":["https:\/\/elconquistadorredloslagos.cl\/test\/wp-content\/uploads\/2025\/07\/Diseno-sin-titulo-85.jpg",1920,1080,false]},"rttpg_author":{"display_name":"ccardenas","author_link":"https:\/\/elconquistadorredloslagos.cl\/test\/blog\/author\/ccardenas\/"},"rttpg_comment":0,"rttpg_category":"<a href=\"https:\/\/elconquistadorredloslagos.cl\/test\/blog\/category\/actual\/acontecer\/\" rel=\"category tag\">Acontecer<\/a> <a href=\"https:\/\/elconquistadorredloslagos.cl\/test\/blog\/category\/actual\/\" rel=\"category tag\">Actualidad<\/a> <a href=\"https:\/\/elconquistadorredloslagos.cl\/test\/blog\/category\/chile\/osorno\/\" rel=\"category tag\">Osorno<\/a>","rttpg_excerpt":"Un nuevo incendio registrado la tarde del mi\u00e9rcoles en el campamento \u201cPor un futuro mejor\u201d, en Rahue Alto Sur, dej\u00f3 tres viviendas de material ligero destruidas y siete personas damnificadas...","_links":{"self":[{"href":"https:\/\/elconquistadorredloslagos.cl\/test\/wp-json\/wp\/v2\/posts\/12512","targetHints":{"allow":["GET"]}}],"collection":[{"href":"https:\/\/elconquistadorredloslagos.cl\/test\/wp-json\/wp\/v2\/posts"}],"about":[{"href":"https:\/\/elconquistadorredloslagos.cl\/test\/wp-json\/wp\/v2\/types\/post"}],"author":[{"embeddable":true,"href":"https:\/\/elconquistadorredloslagos.cl\/test\/wp-json\/wp\/v2\/users\/2"}],"replies":[{"embeddable":true,"href":"https:\/\/elconquistadorredloslagos.cl\/test\/wp-json\/wp\/v2\/comments?post=12512"}],"version-history":[{"count":1,"href":"https:\/\/elconquistadorredloslagos.cl\/test\/wp-json\/wp\/v2\/posts\/12512\/revisions"}],"predecessor-version":[{"id":12514,"href":"https:\/\/elconquistadorredloslagos.cl\/test\/wp-json\/wp\/v2\/posts\/12512\/revisions\/12514"}],"wp:featuredmedia":[{"embeddable":true,"href":"https:\/\/elconquistadorredloslagos.cl\/test\/wp-json\/wp\/v2\/media\/12513"}],"wp:attachment":[{"href":"https:\/\/elconquistadorredloslagos.cl\/test\/wp-json\/wp\/v2\/media?parent=12512"}],"wp:term":[{"taxonomy":"category","embeddable":true,"href":"https:\/\/elconquistadorredloslagos.cl\/test\/wp-json\/wp\/v2\/categories?post=12512"},{"taxonomy":"post_tag","embeddable":true,"href":"https:\/\/elconquistadorredloslagos.cl\/test\/wp-json\/wp\/v2\/tags?post=12512"}],"curies":[{"name":"wp","href":"https:\/\/api.w.org\/{rel}","templated":true}]}}