{"id":12508,"date":"2025-07-24T14:49:17","date_gmt":"2025-07-24T18:49:17","guid":{"rendered":"https:\/\/elconquistadorredloslagos.cl\/test\/?p=12508"},"modified":"2025-07-24T14:49:17","modified_gmt":"2025-07-24T18:49:17","slug":"infernal-incendio-sacude-concepcion-y-deja-a-medio-centenar-de-personas-afectadas","status":"publish","type":"post","link":"https:\/\/elconquistadorredloslagos.cl\/test\/blog\/2025\/07\/24\/infernal-incendio-sacude-concepcion-y-deja-a-medio-centenar-de-personas-afectadas\/","title":{"rendered":"Infernal incendio sacude Concepci\u00f3n y deja a medio centenar de personas afectadas"},"content":{"rendered":"\n<p>Una bodega de ropa usada ardi\u00f3 la ma\u00f1ana de este jueves en Concepci\u00f3n, generando un incendio de proporciones que se propag\u00f3 a viviendas cercanas y cubri\u00f3 de humo buena parte de la ciudad, complicando la visibilidad hasta sectores como la rotonda Bonilla. La emergencia se produjo en la intersecci\u00f3n de Camilo Henr\u00edquez con Santa Sof\u00eda y oblig\u00f3 a decretar la Tercera Alarma de Incendio.<\/p>\n\n\n\n<p>Al menos ocho viviendas resultaron da\u00f1adas y cerca de 50 personas quedaron afectadas, seg\u00fan confirm\u00f3 el alcalde H\u00e9ctor Mu\u00f1oz. Adem\u00e1s, cinco bodegas de distintas empresas tambi\u00e9n sufrieron p\u00e9rdidas. Bomberos contin\u00faa trabajando intensamente para controlar el fuego, a\u00fan activo, y cuenta con el apoyo de vecinos que ayudan con baldes de agua, adem\u00e1s de camiones aljibes y piscinas dispuestas por la Municipalidad.<\/p>\n\n\n\n<p>El delegado presidencial regional, Eduardo Pacheco, inform\u00f3 sobre el gran incendio activo en una bodega de Concepci\u00f3n, el cual afecta viviendas cercanas y presenta alto riesgo de propagaci\u00f3n.<\/p>\n\n\n\n<figure class=\"wp-block-audio\"><audio controls src=\"https:\/\/elconquistadorredloslagos.cl\/test\/wp-content\/uploads\/2025\/07\/CUNA-CONCE.mp3\"><\/audio><\/figure>\n\n\n\n<p>El comandante Felipe Meneses indic\u00f3 que, si bien las llamas est\u00e1n contenidas, queda una extensa labor de remoci\u00f3n de material combustible. La lluvia podr\u00eda colaborar en las pr\u00f3ximas horas.<\/p>\n\n\n\n<p>Tres personas resultaron lesionadas, dos de ellas con complicaciones respiratorias. Adem\u00e1s, se evacuaron dos jardines infantiles debido a la toxicidad del humo. Las autoridades mantienen restringido el tr\u00e1nsito en calles aleda\u00f1as y no se descarta que el origen del fuego est\u00e9 vinculado a la quema de basura en el sector, seg\u00fan reportaron los propietarios del recinto siniestrado.<\/p>\n\n\n\n<p>\ud83d\udcf7 Redes sociales<\/p>\n","protected":false},"excerpt":{"rendered":"<p>Una bodega de ropa usada ardi\u00f3 la ma\u00f1ana de este jueves en Concepci\u00f3n, generando un incendio de proporciones que se propag\u00f3 a viviendas cercanas y cubri\u00f3 de humo buena parte..<\/p>\n","protected":false},"author":2,"featured_media":12510,"comment_status":"closed","ping_status":"open","sticky":false,"template":"","format":"standard","meta":{"footnotes":""},"categories":[28],"tags":[],"class_list":["post-12508","post","type-post","status-publish","format-standard","has-post-thumbnail","hentry","category-actual"],"rttpg_featured_image_url":{"full":["https:\/\/elconquistadorredloslagos.cl\/test\/wp-content\/uploads\/2025\/07\/Diseno-sin-titulo-84.jpg",1920,1080,false],"landscape":["https:\/\/elconquistadorredloslagos.cl\/test\/wp-content\/uploads\/2025\/07\/Diseno-sin-titulo-84.jpg",1920,1080,false],"portraits":["https:\/\/elconquistadorredloslagos.cl\/test\/wp-content\/uploads\/2025\/07\/Diseno-sin-titulo-84.jpg",1920,1080,false],"thumbnail":["https:\/\/elconquistadorredloslagos.cl\/test\/wp-content\/uploads\/2025\/07\/Diseno-sin-titulo-84-150x150.jpg",150,150,true],"medium":["https:\/\/elconquistadorredloslagos.cl\/test\/wp-content\/uploads\/2025\/07\/Diseno-sin-titulo-84-300x169.jpg",300,169,true],"large":["https:\/\/elconquistadorredloslagos.cl\/test\/wp-content\/uploads\/2025\/07\/Diseno-sin-titulo-84-1024x576.jpg",1024,576,true],"1536x1536":["https:\/\/elconquistadorredloslagos.cl\/test\/wp-content\/uploads\/2025\/07\/Diseno-sin-titulo-84-1536x864.jpg",1536,864,true],"2048x2048":["https:\/\/elconquistadorredloslagos.cl\/test\/wp-content\/uploads\/2025\/07\/Diseno-sin-titulo-84.jpg",1920,1080,false]},"rttpg_author":{"display_name":"ccardenas","author_link":"https:\/\/elconquistadorredloslagos.cl\/test\/blog\/author\/ccardenas\/"},"rttpg_comment":0,"rttpg_category":"<a href=\"https:\/\/elconquistadorredloslagos.cl\/test\/blog\/category\/actual\/\" rel=\"category tag\">Actualidad<\/a>","rttpg_excerpt":"Una bodega de ropa usada ardi\u00f3 la ma\u00f1ana de este jueves en Concepci\u00f3n, generando un incendio de proporciones que se propag\u00f3 a viviendas cercanas y cubri\u00f3 de humo buena parte..","_links":{"self":[{"href":"https:\/\/elconquistadorredloslagos.cl\/test\/wp-json\/wp\/v2\/posts\/12508","targetHints":{"allow":["GET"]}}],"collection":[{"href":"https:\/\/elconquistadorredloslagos.cl\/test\/wp-json\/wp\/v2\/posts"}],"about":[{"href":"https:\/\/elconquistadorredloslagos.cl\/test\/wp-json\/wp\/v2\/types\/post"}],"author":[{"embeddable":true,"href":"https:\/\/elconquistadorredloslagos.cl\/test\/wp-json\/wp\/v2\/users\/2"}],"replies":[{"embeddable":true,"href":"https:\/\/elconquistadorredloslagos.cl\/test\/wp-json\/wp\/v2\/comments?post=12508"}],"version-history":[{"count":1,"href":"https:\/\/elconquistadorredloslagos.cl\/test\/wp-json\/wp\/v2\/posts\/12508\/revisions"}],"predecessor-version":[{"id":12511,"href":"https:\/\/elconquistadorredloslagos.cl\/test\/wp-json\/wp\/v2\/posts\/12508\/revisions\/12511"}],"wp:featuredmedia":[{"embeddable":true,"href":"https:\/\/elconquistadorredloslagos.cl\/test\/wp-json\/wp\/v2\/media\/12510"}],"wp:attachment":[{"href":"https:\/\/elconquistadorredloslagos.cl\/test\/wp-json\/wp\/v2\/media?parent=12508"}],"wp:term":[{"taxonomy":"category","embeddable":true,"href":"https:\/\/elconquistadorredloslagos.cl\/test\/wp-json\/wp\/v2\/categories?post=12508"},{"taxonomy":"post_tag","embeddable":true,"href":"https:\/\/elconquistadorredloslagos.cl\/test\/wp-json\/wp\/v2\/tags?post=12508"}],"curies":[{"name":"wp","href":"https:\/\/api.w.org\/{rel}","templated":true}]}}