{"id":12504,"date":"2025-07-24T14:34:26","date_gmt":"2025-07-24T18:34:26","guid":{"rendered":"https:\/\/elconquistadorredloslagos.cl\/test\/?p=12504"},"modified":"2025-07-24T14:34:26","modified_gmt":"2025-07-24T18:34:26","slug":"hallazgo-de-cadaver-en-puqueldon-moviliza-a-brigada-de-homicidios-de-castro","status":"publish","type":"post","link":"https:\/\/elconquistadorredloslagos.cl\/test\/blog\/2025\/07\/24\/hallazgo-de-cadaver-en-puqueldon-moviliza-a-brigada-de-homicidios-de-castro\/","title":{"rendered":"Hallazgo de cad\u00e1ver en Puqueld\u00f3n moviliza a Brigada de Homicidios de Castro"},"content":{"rendered":"\n<p>La Brigada de Investigaci\u00f3n Criminal de Castro de la Polic\u00eda de Investigaciones a trav\u00e9s de su agrupaci\u00f3n de homicidios, se traslad\u00f3 hasta el sector rural de Puqueld\u00f3n, en isla Lemuy, tras el hallazgo del cuerpo sin vida de una mujer de 56 a\u00f1os.<\/p>\n\n\n\n<p>Seg\u00fan indic\u00f3 la subprefecto Carol S\u00e1nchez, jefa de la unidad, fue el Ministerio P\u00fablico, representado por el fiscal Fernando Pino, quien instruy\u00f3 la concurrencia tras la alerta dada por familiares de la v\u00edctima, quienes la encontraron en un predio de la zona.<\/p>\n\n\n\n<p>En el reconocimiento externo del cad\u00e1ver, los detectives confirmaron que se trataba de una mujer chilena, de contextura delgada y baja estatura, sin entregar mayores detalles sobre las causas del deceso.<\/p>\n\n\n\n<figure class=\"wp-block-audio\"><audio controls src=\"https:\/\/elconquistadorredloslagos.cl\/test\/wp-content\/uploads\/2025\/07\/CUNA-PDI-CASTRO-1.mp3\"><\/audio><\/figure>\n\n\n\n<p>La investigaci\u00f3n contin\u00faa en curso para esclarecer las circunstancias en que ocurri\u00f3 este hecho. Preliminarmente se se\u00f1al\u00f3 que no se observan lesiones atribuibles a terceras personas.<\/p>\n","protected":false},"excerpt":{"rendered":"<p>La Brigada de Investigaci\u00f3n Criminal de Castro de la Polic\u00eda de Investigaciones a trav\u00e9s de su agrupaci\u00f3n de homicidios, se traslad\u00f3 hasta el sector rural de Puqueld\u00f3n, en isla Lemuy,..<\/p>\n","protected":false},"author":2,"featured_media":12506,"comment_status":"closed","ping_status":"open","sticky":false,"template":"","format":"standard","meta":{"footnotes":""},"categories":[1,28,51],"tags":[],"class_list":["post-12504","post","type-post","status-publish","format-standard","has-post-thumbnail","hentry","category-acontecer","category-actual","category-chiloe"],"rttpg_featured_image_url":{"full":["https:\/\/elconquistadorredloslagos.cl\/test\/wp-content\/uploads\/2025\/07\/Diseno-sin-titulo-83.jpg",1920,1080,false],"landscape":["https:\/\/elconquistadorredloslagos.cl\/test\/wp-content\/uploads\/2025\/07\/Diseno-sin-titulo-83.jpg",1920,1080,false],"portraits":["https:\/\/elconquistadorredloslagos.cl\/test\/wp-content\/uploads\/2025\/07\/Diseno-sin-titulo-83.jpg",1920,1080,false],"thumbnail":["https:\/\/elconquistadorredloslagos.cl\/test\/wp-content\/uploads\/2025\/07\/Diseno-sin-titulo-83-150x150.jpg",150,150,true],"medium":["https:\/\/elconquistadorredloslagos.cl\/test\/wp-content\/uploads\/2025\/07\/Diseno-sin-titulo-83-300x169.jpg",300,169,true],"large":["https:\/\/elconquistadorredloslagos.cl\/test\/wp-content\/uploads\/2025\/07\/Diseno-sin-titulo-83-1024x576.jpg",1024,576,true],"1536x1536":["https:\/\/elconquistadorredloslagos.cl\/test\/wp-content\/uploads\/2025\/07\/Diseno-sin-titulo-83-1536x864.jpg",1536,864,true],"2048x2048":["https:\/\/elconquistadorredloslagos.cl\/test\/wp-content\/uploads\/2025\/07\/Diseno-sin-titulo-83.jpg",1920,1080,false]},"rttpg_author":{"display_name":"ccardenas","author_link":"https:\/\/elconquistadorredloslagos.cl\/test\/blog\/author\/ccardenas\/"},"rttpg_comment":0,"rttpg_category":"<a href=\"https:\/\/elconquistadorredloslagos.cl\/test\/blog\/category\/actual\/acontecer\/\" rel=\"category tag\">Acontecer<\/a> <a href=\"https:\/\/elconquistadorredloslagos.cl\/test\/blog\/category\/actual\/\" rel=\"category tag\">Actualidad<\/a> <a href=\"https:\/\/elconquistadorredloslagos.cl\/test\/blog\/category\/chile\/chiloe\/\" rel=\"category tag\">Chilo\u00e9<\/a>","rttpg_excerpt":"La Brigada de Investigaci\u00f3n Criminal de Castro de la Polic\u00eda de Investigaciones a trav\u00e9s de su agrupaci\u00f3n de homicidios, se traslad\u00f3 hasta el sector rural de Puqueld\u00f3n, en isla Lemuy,..","_links":{"self":[{"href":"https:\/\/elconquistadorredloslagos.cl\/test\/wp-json\/wp\/v2\/posts\/12504","targetHints":{"allow":["GET"]}}],"collection":[{"href":"https:\/\/elconquistadorredloslagos.cl\/test\/wp-json\/wp\/v2\/posts"}],"about":[{"href":"https:\/\/elconquistadorredloslagos.cl\/test\/wp-json\/wp\/v2\/types\/post"}],"author":[{"embeddable":true,"href":"https:\/\/elconquistadorredloslagos.cl\/test\/wp-json\/wp\/v2\/users\/2"}],"replies":[{"embeddable":true,"href":"https:\/\/elconquistadorredloslagos.cl\/test\/wp-json\/wp\/v2\/comments?post=12504"}],"version-history":[{"count":1,"href":"https:\/\/elconquistadorredloslagos.cl\/test\/wp-json\/wp\/v2\/posts\/12504\/revisions"}],"predecessor-version":[{"id":12507,"href":"https:\/\/elconquistadorredloslagos.cl\/test\/wp-json\/wp\/v2\/posts\/12504\/revisions\/12507"}],"wp:featuredmedia":[{"embeddable":true,"href":"https:\/\/elconquistadorredloslagos.cl\/test\/wp-json\/wp\/v2\/media\/12506"}],"wp:attachment":[{"href":"https:\/\/elconquistadorredloslagos.cl\/test\/wp-json\/wp\/v2\/media?parent=12504"}],"wp:term":[{"taxonomy":"category","embeddable":true,"href":"https:\/\/elconquistadorredloslagos.cl\/test\/wp-json\/wp\/v2\/categories?post=12504"},{"taxonomy":"post_tag","embeddable":true,"href":"https:\/\/elconquistadorredloslagos.cl\/test\/wp-json\/wp\/v2\/tags?post=12504"}],"curies":[{"name":"wp","href":"https:\/\/api.w.org\/{rel}","templated":true}]}}