{"id":12493,"date":"2025-07-23T17:22:18","date_gmt":"2025-07-23T21:22:18","guid":{"rendered":"https:\/\/elconquistadorredloslagos.cl\/test\/?p=12493"},"modified":"2025-07-23T17:22:19","modified_gmt":"2025-07-23T21:22:19","slug":"continua-intensa-busqueda-de-adulto-mayor-desaparecido-en-osorno","status":"publish","type":"post","link":"https:\/\/elconquistadorredloslagos.cl\/test\/blog\/2025\/07\/23\/continua-intensa-busqueda-de-adulto-mayor-desaparecido-en-osorno\/","title":{"rendered":"Contin\u00faa intensa b\u00fasqueda de adulto mayor desaparecido en Osorno"},"content":{"rendered":"\n<p>Esta semana equipos especializados de la Polic\u00eda de Investigaciones retomaron las labores de rastreo en el R\u00edo Rahue, en el marco de la b\u00fasqueda de Alejandro Gallardo, adulto mayor desaparecido hace tres semanas en el sector Quinto Centenario de Osorno.<\/p>\n\n\n\n<p>Seg\u00fan inform\u00f3 el subprefecto Jorge Gonz\u00e1lez, jefe (s) de la Brigada de Homicidios de Osorno, las diligencias buscan avanzar en una investigaci\u00f3n por presunta desgracia que mantiene activas diversas l\u00edneas de hip\u00f3tesis. <\/p>\n\n\n\n<p>En la zona trabaja un equipo multidisciplinario de la PDI, incluyendo personal de la Prefectura Provincial, la Brigada Canina y efectivos de la Unidad de Rescate Acu\u00e1tico y Terrestre (URAT).<\/p>\n\n\n\n<p>\u201cSe realizar\u00e1n una serie de diligencias investigativo-policiales en esta zona, a fin de establecer o descartar algunas hip\u00f3tesis que el grupo investigador maneja en estos momentos\u201d, se\u00f1al\u00f3 el subprefecto Gonz\u00e1lez.<\/p>\n\n\n\n<p>\ud83d\udcf7 <a href=\"https:\/\/www.facebook.com\/emergosorno?__cft__[0]=AZU9K2HkXfDxpFNj-sy95nUCUovv7-PN_oERE32qbnunzXMCorBZ2Dt3GjRY3qDDS0-2UVRu0xXWUe631V1xM_qc3GMKksBxzUkUfmK91VAf9UdLMsYTSAuosUhk-NJEguj8mX8bQhDuOWtyyudKlYd4xeXuqY8LbW8FqpFsVBhh926RiXmHJrlJ3xT-An5SwAQ&amp;__tn__=-UC*F\">Emergencias Osorno GEO<\/a> &#8211; Facebook<\/p>\n","protected":false},"excerpt":{"rendered":"<p>Esta semana equipos especializados de la Polic\u00eda de Investigaciones retomaron las labores de rastreo en el R\u00edo Rahue, en el marco de la b\u00fasqueda de Alejandro Gallardo, adulto mayor desaparecido..<\/p>\n","protected":false},"author":2,"featured_media":12494,"comment_status":"closed","ping_status":"open","sticky":false,"template":"","format":"standard","meta":{"footnotes":""},"categories":[1,28,55],"tags":[],"class_list":["post-12493","post","type-post","status-publish","format-standard","has-post-thumbnail","hentry","category-acontecer","category-actual","category-osorno"],"rttpg_featured_image_url":{"full":["https:\/\/elconquistadorredloslagos.cl\/test\/wp-content\/uploads\/2025\/07\/Diseno-sin-titulo-82.jpg",1920,1080,false],"landscape":["https:\/\/elconquistadorredloslagos.cl\/test\/wp-content\/uploads\/2025\/07\/Diseno-sin-titulo-82.jpg",1920,1080,false],"portraits":["https:\/\/elconquistadorredloslagos.cl\/test\/wp-content\/uploads\/2025\/07\/Diseno-sin-titulo-82.jpg",1920,1080,false],"thumbnail":["https:\/\/elconquistadorredloslagos.cl\/test\/wp-content\/uploads\/2025\/07\/Diseno-sin-titulo-82-150x150.jpg",150,150,true],"medium":["https:\/\/elconquistadorredloslagos.cl\/test\/wp-content\/uploads\/2025\/07\/Diseno-sin-titulo-82-300x169.jpg",300,169,true],"large":["https:\/\/elconquistadorredloslagos.cl\/test\/wp-content\/uploads\/2025\/07\/Diseno-sin-titulo-82-1024x576.jpg",1024,576,true],"1536x1536":["https:\/\/elconquistadorredloslagos.cl\/test\/wp-content\/uploads\/2025\/07\/Diseno-sin-titulo-82-1536x864.jpg",1536,864,true],"2048x2048":["https:\/\/elconquistadorredloslagos.cl\/test\/wp-content\/uploads\/2025\/07\/Diseno-sin-titulo-82.jpg",1920,1080,false]},"rttpg_author":{"display_name":"ccardenas","author_link":"https:\/\/elconquistadorredloslagos.cl\/test\/blog\/author\/ccardenas\/"},"rttpg_comment":0,"rttpg_category":"<a href=\"https:\/\/elconquistadorredloslagos.cl\/test\/blog\/category\/actual\/acontecer\/\" rel=\"category tag\">Acontecer<\/a> <a href=\"https:\/\/elconquistadorredloslagos.cl\/test\/blog\/category\/actual\/\" rel=\"category tag\">Actualidad<\/a> <a href=\"https:\/\/elconquistadorredloslagos.cl\/test\/blog\/category\/chile\/osorno\/\" rel=\"category tag\">Osorno<\/a>","rttpg_excerpt":"Esta semana equipos especializados de la Polic\u00eda de Investigaciones retomaron las labores de rastreo en el R\u00edo Rahue, en el marco de la b\u00fasqueda de Alejandro Gallardo, adulto mayor desaparecido..","_links":{"self":[{"href":"https:\/\/elconquistadorredloslagos.cl\/test\/wp-json\/wp\/v2\/posts\/12493","targetHints":{"allow":["GET"]}}],"collection":[{"href":"https:\/\/elconquistadorredloslagos.cl\/test\/wp-json\/wp\/v2\/posts"}],"about":[{"href":"https:\/\/elconquistadorredloslagos.cl\/test\/wp-json\/wp\/v2\/types\/post"}],"author":[{"embeddable":true,"href":"https:\/\/elconquistadorredloslagos.cl\/test\/wp-json\/wp\/v2\/users\/2"}],"replies":[{"embeddable":true,"href":"https:\/\/elconquistadorredloslagos.cl\/test\/wp-json\/wp\/v2\/comments?post=12493"}],"version-history":[{"count":1,"href":"https:\/\/elconquistadorredloslagos.cl\/test\/wp-json\/wp\/v2\/posts\/12493\/revisions"}],"predecessor-version":[{"id":12495,"href":"https:\/\/elconquistadorredloslagos.cl\/test\/wp-json\/wp\/v2\/posts\/12493\/revisions\/12495"}],"wp:featuredmedia":[{"embeddable":true,"href":"https:\/\/elconquistadorredloslagos.cl\/test\/wp-json\/wp\/v2\/media\/12494"}],"wp:attachment":[{"href":"https:\/\/elconquistadorredloslagos.cl\/test\/wp-json\/wp\/v2\/media?parent=12493"}],"wp:term":[{"taxonomy":"category","embeddable":true,"href":"https:\/\/elconquistadorredloslagos.cl\/test\/wp-json\/wp\/v2\/categories?post=12493"},{"taxonomy":"post_tag","embeddable":true,"href":"https:\/\/elconquistadorredloslagos.cl\/test\/wp-json\/wp\/v2\/tags?post=12493"}],"curies":[{"name":"wp","href":"https:\/\/api.w.org\/{rel}","templated":true}]}}