{"id":12490,"date":"2025-07-23T17:08:37","date_gmt":"2025-07-23T21:08:37","guid":{"rendered":"https:\/\/elconquistadorredloslagos.cl\/test\/?p=12490"},"modified":"2025-07-23T17:08:37","modified_gmt":"2025-07-23T21:08:37","slug":"fugitivo-recapturado-en-argentina-fue-trasladado-a-la-carcel-de-osorno-para-cumplir-condena","status":"publish","type":"post","link":"https:\/\/elconquistadorredloslagos.cl\/test\/blog\/2025\/07\/23\/fugitivo-recapturado-en-argentina-fue-trasladado-a-la-carcel-de-osorno-para-cumplir-condena\/","title":{"rendered":"Fugitivo recapturado en Argentina fue trasladado a la c\u00e1rcel de Osorno para cumplir condena"},"content":{"rendered":"\n<p>Kevin Silva Huenum\u00e1n, quien protagoniz\u00f3 una fuga desde el Centro de Cumplimiento Penitenciario de Osorno el 12 de noviembre de 2024, fue finalmente capturado tras varios meses de b\u00fasqueda. El interno, que logr\u00f3 evadir la seguridad del recinto escalando una reja perimetral, fue ubicado en Argentina y deportado a Chile el martes 22 de julio.<\/p>\n\n\n\n<p>Seg\u00fan inform\u00f3 el fiscal de Osorno, Jorge M\u00fcnzenmayer, el sujeto fue detenido en la regi\u00f3n Metropolitana tras su expulsi\u00f3n del pa\u00eds vecino. La recaptura se concret\u00f3 luego de una serie de diligencias coordinadas entre organismos nacionales e internacionales.<\/p>\n\n\n\n<p>Silva Huenum\u00e1n ya fue reingresado a un centro penitenciario, donde deber\u00e1 cumplir una condena de 12 a\u00f1os por m\u00faltiples robos en lugar habitado cometidos en la comuna de Osorno, seg\u00fan lo dispuesto por el Juzgado de Garant\u00eda local.<\/p>\n\n\n\n<p>\ud83d\udcf7 Referencial<\/p>\n","protected":false},"excerpt":{"rendered":"<p>Kevin Silva Huenum\u00e1n, quien protagoniz\u00f3 una fuga desde el Centro de Cumplimiento Penitenciario de Osorno el 12 de noviembre de 2024, fue finalmente capturado tras varios meses de b\u00fasqueda. El..<\/p>\n","protected":false},"author":2,"featured_media":12491,"comment_status":"closed","ping_status":"open","sticky":false,"template":"","format":"standard","meta":{"footnotes":""},"categories":[1,28,55],"tags":[],"class_list":["post-12490","post","type-post","status-publish","format-standard","has-post-thumbnail","hentry","category-acontecer","category-actual","category-osorno"],"rttpg_featured_image_url":{"full":["https:\/\/elconquistadorredloslagos.cl\/test\/wp-content\/uploads\/2025\/07\/Diseno-sin-titulo-81.jpg",1920,1080,false],"landscape":["https:\/\/elconquistadorredloslagos.cl\/test\/wp-content\/uploads\/2025\/07\/Diseno-sin-titulo-81.jpg",1920,1080,false],"portraits":["https:\/\/elconquistadorredloslagos.cl\/test\/wp-content\/uploads\/2025\/07\/Diseno-sin-titulo-81.jpg",1920,1080,false],"thumbnail":["https:\/\/elconquistadorredloslagos.cl\/test\/wp-content\/uploads\/2025\/07\/Diseno-sin-titulo-81-150x150.jpg",150,150,true],"medium":["https:\/\/elconquistadorredloslagos.cl\/test\/wp-content\/uploads\/2025\/07\/Diseno-sin-titulo-81-300x169.jpg",300,169,true],"large":["https:\/\/elconquistadorredloslagos.cl\/test\/wp-content\/uploads\/2025\/07\/Diseno-sin-titulo-81-1024x576.jpg",1024,576,true],"1536x1536":["https:\/\/elconquistadorredloslagos.cl\/test\/wp-content\/uploads\/2025\/07\/Diseno-sin-titulo-81-1536x864.jpg",1536,864,true],"2048x2048":["https:\/\/elconquistadorredloslagos.cl\/test\/wp-content\/uploads\/2025\/07\/Diseno-sin-titulo-81.jpg",1920,1080,false]},"rttpg_author":{"display_name":"ccardenas","author_link":"https:\/\/elconquistadorredloslagos.cl\/test\/blog\/author\/ccardenas\/"},"rttpg_comment":0,"rttpg_category":"<a href=\"https:\/\/elconquistadorredloslagos.cl\/test\/blog\/category\/actual\/acontecer\/\" rel=\"category tag\">Acontecer<\/a> <a href=\"https:\/\/elconquistadorredloslagos.cl\/test\/blog\/category\/actual\/\" rel=\"category tag\">Actualidad<\/a> <a href=\"https:\/\/elconquistadorredloslagos.cl\/test\/blog\/category\/chile\/osorno\/\" rel=\"category tag\">Osorno<\/a>","rttpg_excerpt":"Kevin Silva Huenum\u00e1n, quien protagoniz\u00f3 una fuga desde el Centro de Cumplimiento Penitenciario de Osorno el 12 de noviembre de 2024, fue finalmente capturado tras varios meses de b\u00fasqueda. El..","_links":{"self":[{"href":"https:\/\/elconquistadorredloslagos.cl\/test\/wp-json\/wp\/v2\/posts\/12490","targetHints":{"allow":["GET"]}}],"collection":[{"href":"https:\/\/elconquistadorredloslagos.cl\/test\/wp-json\/wp\/v2\/posts"}],"about":[{"href":"https:\/\/elconquistadorredloslagos.cl\/test\/wp-json\/wp\/v2\/types\/post"}],"author":[{"embeddable":true,"href":"https:\/\/elconquistadorredloslagos.cl\/test\/wp-json\/wp\/v2\/users\/2"}],"replies":[{"embeddable":true,"href":"https:\/\/elconquistadorredloslagos.cl\/test\/wp-json\/wp\/v2\/comments?post=12490"}],"version-history":[{"count":1,"href":"https:\/\/elconquistadorredloslagos.cl\/test\/wp-json\/wp\/v2\/posts\/12490\/revisions"}],"predecessor-version":[{"id":12492,"href":"https:\/\/elconquistadorredloslagos.cl\/test\/wp-json\/wp\/v2\/posts\/12490\/revisions\/12492"}],"wp:featuredmedia":[{"embeddable":true,"href":"https:\/\/elconquistadorredloslagos.cl\/test\/wp-json\/wp\/v2\/media\/12491"}],"wp:attachment":[{"href":"https:\/\/elconquistadorredloslagos.cl\/test\/wp-json\/wp\/v2\/media?parent=12490"}],"wp:term":[{"taxonomy":"category","embeddable":true,"href":"https:\/\/elconquistadorredloslagos.cl\/test\/wp-json\/wp\/v2\/categories?post=12490"},{"taxonomy":"post_tag","embeddable":true,"href":"https:\/\/elconquistadorredloslagos.cl\/test\/wp-json\/wp\/v2\/tags?post=12490"}],"curies":[{"name":"wp","href":"https:\/\/api.w.org\/{rel}","templated":true}]}}