{"id":12487,"date":"2025-07-23T16:58:08","date_gmt":"2025-07-23T20:58:08","guid":{"rendered":"https:\/\/elconquistadorredloslagos.cl\/test\/?p=12487"},"modified":"2025-07-23T16:58:08","modified_gmt":"2025-07-23T20:58:08","slug":"investigan-origen-de-incendio-que-destruyo-viviendas-patrimoniales-en-osorno","status":"publish","type":"post","link":"https:\/\/elconquistadorredloslagos.cl\/test\/blog\/2025\/07\/23\/investigan-origen-de-incendio-que-destruyo-viviendas-patrimoniales-en-osorno\/","title":{"rendered":"Investigan origen de incendio que destruy\u00f3 viviendas patrimoniales en Osorno"},"content":{"rendered":"\n<p>La Fiscal\u00eda local instruy\u00f3 una investigaci\u00f3n para determinar el origen del incendio que, durante la madrugada de este martes, arras\u00f3 con tres viviendas en el centro de Osorno, dejando a 18 personas damnificadas. El siniestro afect\u00f3 una antigua casona patrimonial ubicada en la esquina de Mackenna poniente con Justo Geisse, estructura que formaba parte del hist\u00f3rico \u201cconventillo alem\u00e1n\u201d.<\/p>\n\n\n\n<p>Una de las hip\u00f3tesis preliminares apunta a la explosi\u00f3n de un bal\u00f3n de gas, aunque ser\u00e1 el trabajo del Laboratorio de Criminalista de Carabineros (LABOCAR) y peritos de Bomberos el que determinar\u00e1 con exactitud lo ocurrido.<\/p>\n\n\n\n<p>Seg\u00fan relatos de vecinos, todo comenz\u00f3 con una fuerte explosi\u00f3n pasadas las 2 de la madrugada, seguida de una r\u00e1pida propagaci\u00f3n de humo y fuego.<\/p>\n\n\n\n<p>Bomberos moviliz\u00f3 a m\u00e1s de 50 voluntarios para controlar las llamas, en una labor dificultada por la magnitud del incendio y la estructura de los inmuebles. El comandante Javier Rupertus detall\u00f3 que el fuego alcanz\u00f3 cables de alta tensi\u00f3n, provocando una interrupci\u00f3n del suministro el\u00e9ctrico, de internet y televisi\u00f3n por cable en varias cuadras de la avenida Mackenna.<\/p>\n\n\n\n<p>\ud83d\udcf7 Redes sociales<\/p>\n","protected":false},"excerpt":{"rendered":"<p>La Fiscal\u00eda local instruy\u00f3 una investigaci\u00f3n para determinar el origen del incendio que, durante la madrugada de este martes, arras\u00f3 con tres viviendas en el centro de Osorno, dejando a..<\/p>\n","protected":false},"author":2,"featured_media":12488,"comment_status":"closed","ping_status":"open","sticky":false,"template":"","format":"standard","meta":{"footnotes":""},"categories":[1,28,55],"tags":[],"class_list":["post-12487","post","type-post","status-publish","format-standard","has-post-thumbnail","hentry","category-acontecer","category-actual","category-osorno"],"rttpg_featured_image_url":{"full":["https:\/\/elconquistadorredloslagos.cl\/test\/wp-content\/uploads\/2025\/07\/Diseno-sin-titulo-80.jpg",1920,1080,false],"landscape":["https:\/\/elconquistadorredloslagos.cl\/test\/wp-content\/uploads\/2025\/07\/Diseno-sin-titulo-80.jpg",1920,1080,false],"portraits":["https:\/\/elconquistadorredloslagos.cl\/test\/wp-content\/uploads\/2025\/07\/Diseno-sin-titulo-80.jpg",1920,1080,false],"thumbnail":["https:\/\/elconquistadorredloslagos.cl\/test\/wp-content\/uploads\/2025\/07\/Diseno-sin-titulo-80-150x150.jpg",150,150,true],"medium":["https:\/\/elconquistadorredloslagos.cl\/test\/wp-content\/uploads\/2025\/07\/Diseno-sin-titulo-80-300x169.jpg",300,169,true],"large":["https:\/\/elconquistadorredloslagos.cl\/test\/wp-content\/uploads\/2025\/07\/Diseno-sin-titulo-80-1024x576.jpg",1024,576,true],"1536x1536":["https:\/\/elconquistadorredloslagos.cl\/test\/wp-content\/uploads\/2025\/07\/Diseno-sin-titulo-80-1536x864.jpg",1536,864,true],"2048x2048":["https:\/\/elconquistadorredloslagos.cl\/test\/wp-content\/uploads\/2025\/07\/Diseno-sin-titulo-80.jpg",1920,1080,false]},"rttpg_author":{"display_name":"ccardenas","author_link":"https:\/\/elconquistadorredloslagos.cl\/test\/blog\/author\/ccardenas\/"},"rttpg_comment":0,"rttpg_category":"<a href=\"https:\/\/elconquistadorredloslagos.cl\/test\/blog\/category\/actual\/acontecer\/\" rel=\"category tag\">Acontecer<\/a> <a href=\"https:\/\/elconquistadorredloslagos.cl\/test\/blog\/category\/actual\/\" rel=\"category tag\">Actualidad<\/a> <a href=\"https:\/\/elconquistadorredloslagos.cl\/test\/blog\/category\/chile\/osorno\/\" rel=\"category tag\">Osorno<\/a>","rttpg_excerpt":"La Fiscal\u00eda local instruy\u00f3 una investigaci\u00f3n para determinar el origen del incendio que, durante la madrugada de este martes, arras\u00f3 con tres viviendas en el centro de Osorno, dejando a..","_links":{"self":[{"href":"https:\/\/elconquistadorredloslagos.cl\/test\/wp-json\/wp\/v2\/posts\/12487","targetHints":{"allow":["GET"]}}],"collection":[{"href":"https:\/\/elconquistadorredloslagos.cl\/test\/wp-json\/wp\/v2\/posts"}],"about":[{"href":"https:\/\/elconquistadorredloslagos.cl\/test\/wp-json\/wp\/v2\/types\/post"}],"author":[{"embeddable":true,"href":"https:\/\/elconquistadorredloslagos.cl\/test\/wp-json\/wp\/v2\/users\/2"}],"replies":[{"embeddable":true,"href":"https:\/\/elconquistadorredloslagos.cl\/test\/wp-json\/wp\/v2\/comments?post=12487"}],"version-history":[{"count":1,"href":"https:\/\/elconquistadorredloslagos.cl\/test\/wp-json\/wp\/v2\/posts\/12487\/revisions"}],"predecessor-version":[{"id":12489,"href":"https:\/\/elconquistadorredloslagos.cl\/test\/wp-json\/wp\/v2\/posts\/12487\/revisions\/12489"}],"wp:featuredmedia":[{"embeddable":true,"href":"https:\/\/elconquistadorredloslagos.cl\/test\/wp-json\/wp\/v2\/media\/12488"}],"wp:attachment":[{"href":"https:\/\/elconquistadorredloslagos.cl\/test\/wp-json\/wp\/v2\/media?parent=12487"}],"wp:term":[{"taxonomy":"category","embeddable":true,"href":"https:\/\/elconquistadorredloslagos.cl\/test\/wp-json\/wp\/v2\/categories?post=12487"},{"taxonomy":"post_tag","embeddable":true,"href":"https:\/\/elconquistadorredloslagos.cl\/test\/wp-json\/wp\/v2\/tags?post=12487"}],"curies":[{"name":"wp","href":"https:\/\/api.w.org\/{rel}","templated":true}]}}