{"id":12484,"date":"2025-07-23T16:47:56","date_gmt":"2025-07-23T20:47:56","guid":{"rendered":"https:\/\/elconquistadorredloslagos.cl\/test\/?p=12484"},"modified":"2025-07-23T16:47:56","modified_gmt":"2025-07-23T20:47:56","slug":"fiscalia-solicita-mas-de-25-anos-de-carcel-para-acusado-de-delitos-sexuales-en-puerto-varas","status":"publish","type":"post","link":"https:\/\/elconquistadorredloslagos.cl\/test\/blog\/2025\/07\/23\/fiscalia-solicita-mas-de-25-anos-de-carcel-para-acusado-de-delitos-sexuales-en-puerto-varas\/","title":{"rendered":"Fiscal\u00eda solicita m\u00e1s de 25 a\u00f1os de c\u00e1rcel para acusado de delitos sexuales en Puerto Varas"},"content":{"rendered":"\n<p>En Puerto Varas la Fiscal\u00eda consigui\u00f3 un fallo condenatorio contra un hombre imputado por graves delitos sexuales que incluyen abuso a una menor de 14 a\u00f1os, violaci\u00f3n a una persona mayor de esa edad y desacato. <\/p>\n\n\n\n<p>La investigaci\u00f3n estuvo a cargo de la Brigada de Delitos Sexuales (BRISEXME) de la PDI en Puerto Montt, con respaldo pericial del Servicio M\u00e9dico Legal (SML).<\/p>\n\n\n\n<p>Luis Barr\u00eda, fiscal jefe de Puerto Varas, inform\u00f3 que el Ministerio P\u00fablico solicitar\u00e1 una condena efectiva que supere los 25 a\u00f1os de prisi\u00f3n. La lectura de la sentencia se espera en los pr\u00f3ximos d\u00edas, cuando se dar\u00e1 a conocer la pena definitiva para el acusado.<\/p>\n\n\n\n<p>\ud83d\udcf7 Referencial<\/p>\n","protected":false},"excerpt":{"rendered":"<p>En Puerto Varas la Fiscal\u00eda consigui\u00f3 un fallo condenatorio contra un hombre imputado por graves delitos sexuales que incluyen abuso a una menor de 14 a\u00f1os, violaci\u00f3n a una persona..<\/p>\n","protected":false},"author":2,"featured_media":12485,"comment_status":"closed","ping_status":"open","sticky":false,"template":"","format":"standard","meta":{"footnotes":""},"categories":[28],"tags":[],"class_list":["post-12484","post","type-post","status-publish","format-standard","has-post-thumbnail","hentry","category-actual"],"rttpg_featured_image_url":{"full":["https:\/\/elconquistadorredloslagos.cl\/test\/wp-content\/uploads\/2025\/07\/Diseno-sin-titulo-79.jpg",1920,1080,false],"landscape":["https:\/\/elconquistadorredloslagos.cl\/test\/wp-content\/uploads\/2025\/07\/Diseno-sin-titulo-79.jpg",1920,1080,false],"portraits":["https:\/\/elconquistadorredloslagos.cl\/test\/wp-content\/uploads\/2025\/07\/Diseno-sin-titulo-79.jpg",1920,1080,false],"thumbnail":["https:\/\/elconquistadorredloslagos.cl\/test\/wp-content\/uploads\/2025\/07\/Diseno-sin-titulo-79-150x150.jpg",150,150,true],"medium":["https:\/\/elconquistadorredloslagos.cl\/test\/wp-content\/uploads\/2025\/07\/Diseno-sin-titulo-79-300x169.jpg",300,169,true],"large":["https:\/\/elconquistadorredloslagos.cl\/test\/wp-content\/uploads\/2025\/07\/Diseno-sin-titulo-79-1024x576.jpg",1024,576,true],"1536x1536":["https:\/\/elconquistadorredloslagos.cl\/test\/wp-content\/uploads\/2025\/07\/Diseno-sin-titulo-79-1536x864.jpg",1536,864,true],"2048x2048":["https:\/\/elconquistadorredloslagos.cl\/test\/wp-content\/uploads\/2025\/07\/Diseno-sin-titulo-79.jpg",1920,1080,false]},"rttpg_author":{"display_name":"ccardenas","author_link":"https:\/\/elconquistadorredloslagos.cl\/test\/blog\/author\/ccardenas\/"},"rttpg_comment":0,"rttpg_category":"<a href=\"https:\/\/elconquistadorredloslagos.cl\/test\/blog\/category\/actual\/\" rel=\"category tag\">Actualidad<\/a>","rttpg_excerpt":"En Puerto Varas la Fiscal\u00eda consigui\u00f3 un fallo condenatorio contra un hombre imputado por graves delitos sexuales que incluyen abuso a una menor de 14 a\u00f1os, violaci\u00f3n a una persona..","_links":{"self":[{"href":"https:\/\/elconquistadorredloslagos.cl\/test\/wp-json\/wp\/v2\/posts\/12484","targetHints":{"allow":["GET"]}}],"collection":[{"href":"https:\/\/elconquistadorredloslagos.cl\/test\/wp-json\/wp\/v2\/posts"}],"about":[{"href":"https:\/\/elconquistadorredloslagos.cl\/test\/wp-json\/wp\/v2\/types\/post"}],"author":[{"embeddable":true,"href":"https:\/\/elconquistadorredloslagos.cl\/test\/wp-json\/wp\/v2\/users\/2"}],"replies":[{"embeddable":true,"href":"https:\/\/elconquistadorredloslagos.cl\/test\/wp-json\/wp\/v2\/comments?post=12484"}],"version-history":[{"count":1,"href":"https:\/\/elconquistadorredloslagos.cl\/test\/wp-json\/wp\/v2\/posts\/12484\/revisions"}],"predecessor-version":[{"id":12486,"href":"https:\/\/elconquistadorredloslagos.cl\/test\/wp-json\/wp\/v2\/posts\/12484\/revisions\/12486"}],"wp:featuredmedia":[{"embeddable":true,"href":"https:\/\/elconquistadorredloslagos.cl\/test\/wp-json\/wp\/v2\/media\/12485"}],"wp:attachment":[{"href":"https:\/\/elconquistadorredloslagos.cl\/test\/wp-json\/wp\/v2\/media?parent=12484"}],"wp:term":[{"taxonomy":"category","embeddable":true,"href":"https:\/\/elconquistadorredloslagos.cl\/test\/wp-json\/wp\/v2\/categories?post=12484"},{"taxonomy":"post_tag","embeddable":true,"href":"https:\/\/elconquistadorredloslagos.cl\/test\/wp-json\/wp\/v2\/tags?post=12484"}],"curies":[{"name":"wp","href":"https:\/\/api.w.org\/{rel}","templated":true}]}}