{"id":12470,"date":"2025-07-23T14:11:01","date_gmt":"2025-07-23T18:11:01","guid":{"rendered":"https:\/\/elconquistadorredloslagos.cl\/test\/?p=12470"},"modified":"2025-07-23T14:11:01","modified_gmt":"2025-07-23T18:11:01","slug":"hospital-de-quinchao-consolida-avances-en-salud-con-fuerte-enfoque-comunitario","status":"publish","type":"post","link":"https:\/\/elconquistadorredloslagos.cl\/test\/blog\/2025\/07\/23\/hospital-de-quinchao-consolida-avances-en-salud-con-fuerte-enfoque-comunitario\/","title":{"rendered":"Hospital de Quinchao consolida avances en salud con fuerte enfoque comunitario"},"content":{"rendered":"\n<p>Con importantes avances en atenci\u00f3n, infraestructura y participaci\u00f3n ciudadana, el Hospital Comunitario y de la Familia de Quinchao cerr\u00f3 positivamente su gesti\u00f3n 2024, seg\u00fan lo expuesto por su directora, la doctora Ana Mar\u00eda Mu\u00f1oz. La profesional destac\u00f3 el compromiso del personal del recinto y la colaboraci\u00f3n activa de la comunidad en cada uno de los logros obtenidos.<\/p>\n\n\n\n<p>Entre los hitos, resalt\u00f3 la reacreditaci\u00f3n en calidad y seguridad por parte de la Superintendencia de Salud y la primera certificaci\u00f3n en Infecciones Asociadas a la Atenci\u00f3n en Salud (IAAS). Adem\u00e1s, se acredit\u00f3 exitosamente el Modelo de Salud Familiar con el nuevo instrumento de evaluaci\u00f3n, fortaleciendo el enfoque integral e intercultural, gracias a acciones como el Programa Especial de Salud y Pueblos Ind\u00edgenas (PESPI).<\/p>\n\n\n\n<figure class=\"wp-block-audio\"><audio controls src=\"https:\/\/elconquistadorredloslagos.cl\/test\/wp-content\/uploads\/2025\/07\/CUNA-HOSPITAL-ACHAO-1.mp3\"><\/audio><\/figure>\n\n\n\n<p>En materia de urgencias, se optimiz\u00f3 la coordinaci\u00f3n de traslados junto al equipo del Servicio de Atenci\u00f3n M\u00e9dica de Urgencia (SAMU) y se gestionaron eficazmente los casos socio sanitario a nivel de red. En paralelo, se concret\u00f3 la regularizaci\u00f3n del sistema el\u00e9ctrico del hospital y se avanz\u00f3 en el proyecto de normalizaci\u00f3n del nuevo recinto, proceso discutido en conversatorios con vecinos y vecinas.<\/p>\n\n\n\n<figure class=\"wp-block-audio\"><audio controls src=\"https:\/\/elconquistadorredloslagos.cl\/test\/wp-content\/uploads\/2025\/07\/CUNA-HOSPITAL-ACHAO-2.mp3\"><\/audio><\/figure>\n\n\n\n<p>Tambi\u00e9n se reconoci\u00f3 a los comit\u00e9s comunitarios por su constante colaboraci\u00f3n, especialmente al Consejo de Desarrollo Local, que don\u00f3 el letrero oficial del hospital. De cara al segundo semestre, destacan los desaf\u00edos de implementar el programa HODOM y abrir una Escuela Hospitalaria para menores con necesidades especiales en salud.<\/p>\n","protected":false},"excerpt":{"rendered":"<p>Con importantes avances en atenci\u00f3n, infraestructura y participaci\u00f3n ciudadana, el Hospital Comunitario y de la Familia de Quinchao cerr\u00f3 positivamente su gesti\u00f3n 2024, seg\u00fan lo expuesto por su directora, la..<\/p>\n","protected":false},"author":2,"featured_media":12473,"comment_status":"closed","ping_status":"open","sticky":false,"template":"","format":"standard","meta":{"footnotes":""},"categories":[28],"tags":[],"class_list":["post-12470","post","type-post","status-publish","format-standard","has-post-thumbnail","hentry","category-actual"],"rttpg_featured_image_url":{"full":["https:\/\/elconquistadorredloslagos.cl\/test\/wp-content\/uploads\/2025\/07\/Diseno-sin-titulo-76.jpg",1920,1080,false],"landscape":["https:\/\/elconquistadorredloslagos.cl\/test\/wp-content\/uploads\/2025\/07\/Diseno-sin-titulo-76.jpg",1920,1080,false],"portraits":["https:\/\/elconquistadorredloslagos.cl\/test\/wp-content\/uploads\/2025\/07\/Diseno-sin-titulo-76.jpg",1920,1080,false],"thumbnail":["https:\/\/elconquistadorredloslagos.cl\/test\/wp-content\/uploads\/2025\/07\/Diseno-sin-titulo-76-150x150.jpg",150,150,true],"medium":["https:\/\/elconquistadorredloslagos.cl\/test\/wp-content\/uploads\/2025\/07\/Diseno-sin-titulo-76-300x169.jpg",300,169,true],"large":["https:\/\/elconquistadorredloslagos.cl\/test\/wp-content\/uploads\/2025\/07\/Diseno-sin-titulo-76-1024x576.jpg",1024,576,true],"1536x1536":["https:\/\/elconquistadorredloslagos.cl\/test\/wp-content\/uploads\/2025\/07\/Diseno-sin-titulo-76-1536x864.jpg",1536,864,true],"2048x2048":["https:\/\/elconquistadorredloslagos.cl\/test\/wp-content\/uploads\/2025\/07\/Diseno-sin-titulo-76.jpg",1920,1080,false]},"rttpg_author":{"display_name":"ccardenas","author_link":"https:\/\/elconquistadorredloslagos.cl\/test\/blog\/author\/ccardenas\/"},"rttpg_comment":0,"rttpg_category":"<a href=\"https:\/\/elconquistadorredloslagos.cl\/test\/blog\/category\/actual\/\" rel=\"category tag\">Actualidad<\/a>","rttpg_excerpt":"Con importantes avances en atenci\u00f3n, infraestructura y participaci\u00f3n ciudadana, el Hospital Comunitario y de la Familia de Quinchao cerr\u00f3 positivamente su gesti\u00f3n 2024, seg\u00fan lo expuesto por su directora, la..","_links":{"self":[{"href":"https:\/\/elconquistadorredloslagos.cl\/test\/wp-json\/wp\/v2\/posts\/12470","targetHints":{"allow":["GET"]}}],"collection":[{"href":"https:\/\/elconquistadorredloslagos.cl\/test\/wp-json\/wp\/v2\/posts"}],"about":[{"href":"https:\/\/elconquistadorredloslagos.cl\/test\/wp-json\/wp\/v2\/types\/post"}],"author":[{"embeddable":true,"href":"https:\/\/elconquistadorredloslagos.cl\/test\/wp-json\/wp\/v2\/users\/2"}],"replies":[{"embeddable":true,"href":"https:\/\/elconquistadorredloslagos.cl\/test\/wp-json\/wp\/v2\/comments?post=12470"}],"version-history":[{"count":1,"href":"https:\/\/elconquistadorredloslagos.cl\/test\/wp-json\/wp\/v2\/posts\/12470\/revisions"}],"predecessor-version":[{"id":12474,"href":"https:\/\/elconquistadorredloslagos.cl\/test\/wp-json\/wp\/v2\/posts\/12470\/revisions\/12474"}],"wp:featuredmedia":[{"embeddable":true,"href":"https:\/\/elconquistadorredloslagos.cl\/test\/wp-json\/wp\/v2\/media\/12473"}],"wp:attachment":[{"href":"https:\/\/elconquistadorredloslagos.cl\/test\/wp-json\/wp\/v2\/media?parent=12470"}],"wp:term":[{"taxonomy":"category","embeddable":true,"href":"https:\/\/elconquistadorredloslagos.cl\/test\/wp-json\/wp\/v2\/categories?post=12470"},{"taxonomy":"post_tag","embeddable":true,"href":"https:\/\/elconquistadorredloslagos.cl\/test\/wp-json\/wp\/v2\/tags?post=12470"}],"curies":[{"name":"wp","href":"https:\/\/api.w.org\/{rel}","templated":true}]}}