{"id":12463,"date":"2025-07-23T13:46:02","date_gmt":"2025-07-23T17:46:02","guid":{"rendered":"https:\/\/elconquistadorredloslagos.cl\/test\/?p=12463"},"modified":"2025-07-23T13:46:02","modified_gmt":"2025-07-23T17:46:02","slug":"liceo-benjamin-vicuna-mackenna-conforma-comite-de-seguridad-escolar-con-apoyo-de-bomberos-y-carabineros","status":"publish","type":"post","link":"https:\/\/elconquistadorredloslagos.cl\/test\/blog\/2025\/07\/23\/liceo-benjamin-vicuna-mackenna-conforma-comite-de-seguridad-escolar-con-apoyo-de-bomberos-y-carabineros\/","title":{"rendered":"Liceo Benjam\u00edn Vicu\u00f1a Mackenna conforma Comit\u00e9 de Seguridad Escolar con apoyo de Bomberos y Carabineros"},"content":{"rendered":"\n<p>Con el objetivo de fortalecer la preparaci\u00f3n y respuesta ante situaciones de emergencia, el <strong>Liceo Polivalente Benjam\u00edn Vicu\u00f1a Mackenna<\/strong>, ubicado en el sector de Mirasol, formaliz\u00f3 esta semana la <strong>constituci\u00f3n de su Comit\u00e9 de Seguridad Escolar<\/strong>, instancia clave que cuenta con el respaldo t\u00e9cnico de la <strong>Quinta Compa\u00f1\u00eda de Bomberos Bomba Reloncav\u00ed<\/strong> y de <strong>Carabineros de la S\u00e9ptima Comisar\u00eda de Mirasol<\/strong>.<\/p>\n\n\n\n<p>La iniciativa busca garantizar la <strong>integridad de la comunidad educativa<\/strong> a trav\u00e9s de un trabajo articulado que contempla planificaci\u00f3n preventiva, elaboraci\u00f3n de protocolos, realizaci\u00f3n de simulaciones y coordinaci\u00f3n interinstitucional.<\/p>\n\n\n\n<p>El comit\u00e9 est\u00e1 integrado por el equipo directivo del liceo, la coordinadora de seguridad escolar y representantes de todos los estamentos del establecimiento. Su misi\u00f3n principal ser\u00e1 dise\u00f1ar y poner en marcha el <strong>Plan de Respuesta ante Riesgos Priorizados<\/strong>, basado en un diagn\u00f3stico institucional elaborado con asesor\u00eda de las entidades de emergencia, considerando sus respectivas \u00e1reas de especializaci\u00f3n.<\/p>\n\n\n\n<blockquote class=\"wp-block-quote is-layout-flow wp-block-quote-is-layout-flow\">\n<p>\u201cEl trabajo conjunto con las instituciones de primera respuesta a emergencias refuerza nuestro compromiso por un entorno educativo seguro y preparado. Esta acci\u00f3n refuerza el principio de que la seguridad escolar no solo es responsabilidad del establecimiento, sino una tarea compartida con actores comunitarios que velan por la integridad de ni\u00f1as, ni\u00f1os y j\u00f3venes\u201d, destac\u00f3 el director del establecimiento, <strong>Iv\u00e1n Burgos<\/strong>.<\/p>\n<\/blockquote>\n\n\n\n<p>Entre las principales funciones del comit\u00e9 est\u00e1n:<\/p>\n\n\n\n<ul class=\"wp-block-list\">\n<li>La instalaci\u00f3n y operaci\u00f3n del centro de operaciones en caso de emergencia.<\/li>\n\n\n\n<li>La coordinaci\u00f3n del plan de respuesta.<\/li>\n\n\n\n<li>La toma de decisiones operativas ante situaciones cr\u00edticas.<\/li>\n\n\n\n<li>El canal de comunicaci\u00f3n con organismos de emergencia.<\/li>\n\n\n\n<li>El seguimiento y evaluaci\u00f3n de las acciones implementadas.<\/li>\n<\/ul>\n\n\n\n<p>Durante la sesi\u00f3n de instalaci\u00f3n, el comit\u00e9 defini\u00f3 un <strong>plazo de 30 d\u00edas<\/strong> para ejecutar una serie de acciones clave: inspecciones de riesgo, simulaciones internas y un <strong>simulacro general de emergencia<\/strong> que incluir\u00e1 la participaci\u00f3n de toda la comunidad escolar y su entorno.<\/p>\n\n\n\n<p>El Liceo Polivalente Benjam\u00edn Vicu\u00f1a Mackenna cuenta actualmente con una matr\u00edcula de <strong>372 estudiantes<\/strong>, y mantiene actualizado su <strong>Plan Integral de Seguridad Escolar (PISE)<\/strong> desde marzo del presente a\u00f1o.<\/p>\n","protected":false},"excerpt":{"rendered":"<p>Con el objetivo de fortalecer la preparaci\u00f3n y respuesta ante situaciones de emergencia, el Liceo Polivalente Benjam\u00edn Vicu\u00f1a Mackenna, ubicado en el sector de Mirasol, formaliz\u00f3 esta semana la constituci\u00f3n..<\/p>\n","protected":false},"author":7,"featured_media":12464,"comment_status":"closed","ping_status":"open","sticky":false,"template":"","format":"standard","meta":{"footnotes":""},"categories":[28,39,56],"tags":[],"class_list":["post-12463","post","type-post","status-publish","format-standard","has-post-thumbnail","hentry","category-actual","category-educacion","category-puerto-montt"],"rttpg_featured_image_url":{"full":["https:\/\/elconquistadorredloslagos.cl\/test\/wp-content\/uploads\/2025\/07\/Liceo-Benjamin-Vicuna-Mackenna.png",1920,1080,false],"landscape":["https:\/\/elconquistadorredloslagos.cl\/test\/wp-content\/uploads\/2025\/07\/Liceo-Benjamin-Vicuna-Mackenna.png",1920,1080,false],"portraits":["https:\/\/elconquistadorredloslagos.cl\/test\/wp-content\/uploads\/2025\/07\/Liceo-Benjamin-Vicuna-Mackenna.png",1920,1080,false],"thumbnail":["https:\/\/elconquistadorredloslagos.cl\/test\/wp-content\/uploads\/2025\/07\/Liceo-Benjamin-Vicuna-Mackenna-150x150.png",150,150,true],"medium":["https:\/\/elconquistadorredloslagos.cl\/test\/wp-content\/uploads\/2025\/07\/Liceo-Benjamin-Vicuna-Mackenna-300x169.png",300,169,true],"large":["https:\/\/elconquistadorredloslagos.cl\/test\/wp-content\/uploads\/2025\/07\/Liceo-Benjamin-Vicuna-Mackenna-1024x576.png",1024,576,true],"1536x1536":["https:\/\/elconquistadorredloslagos.cl\/test\/wp-content\/uploads\/2025\/07\/Liceo-Benjamin-Vicuna-Mackenna-1536x864.png",1536,864,true],"2048x2048":["https:\/\/elconquistadorredloslagos.cl\/test\/wp-content\/uploads\/2025\/07\/Liceo-Benjamin-Vicuna-Mackenna.png",1920,1080,false]},"rttpg_author":{"display_name":"enzodelahoz1988","author_link":"https:\/\/elconquistadorredloslagos.cl\/test\/blog\/author\/enzodelahoz1988\/"},"rttpg_comment":0,"rttpg_category":"<a href=\"https:\/\/elconquistadorredloslagos.cl\/test\/blog\/category\/actual\/\" rel=\"category tag\">Actualidad<\/a> <a href=\"https:\/\/elconquistadorredloslagos.cl\/test\/blog\/category\/actual\/educacion\/\" rel=\"category tag\">Educaci\u00f3n<\/a> <a href=\"https:\/\/elconquistadorredloslagos.cl\/test\/blog\/category\/chile\/puerto-montt\/\" rel=\"category tag\">Puerto Montt<\/a>","rttpg_excerpt":"Con el objetivo de fortalecer la preparaci\u00f3n y respuesta ante situaciones de emergencia, el Liceo Polivalente Benjam\u00edn Vicu\u00f1a Mackenna, ubicado en el sector de Mirasol, formaliz\u00f3 esta semana la constituci\u00f3n..","_links":{"self":[{"href":"https:\/\/elconquistadorredloslagos.cl\/test\/wp-json\/wp\/v2\/posts\/12463","targetHints":{"allow":["GET"]}}],"collection":[{"href":"https:\/\/elconquistadorredloslagos.cl\/test\/wp-json\/wp\/v2\/posts"}],"about":[{"href":"https:\/\/elconquistadorredloslagos.cl\/test\/wp-json\/wp\/v2\/types\/post"}],"author":[{"embeddable":true,"href":"https:\/\/elconquistadorredloslagos.cl\/test\/wp-json\/wp\/v2\/users\/7"}],"replies":[{"embeddable":true,"href":"https:\/\/elconquistadorredloslagos.cl\/test\/wp-json\/wp\/v2\/comments?post=12463"}],"version-history":[{"count":1,"href":"https:\/\/elconquistadorredloslagos.cl\/test\/wp-json\/wp\/v2\/posts\/12463\/revisions"}],"predecessor-version":[{"id":12465,"href":"https:\/\/elconquistadorredloslagos.cl\/test\/wp-json\/wp\/v2\/posts\/12463\/revisions\/12465"}],"wp:featuredmedia":[{"embeddable":true,"href":"https:\/\/elconquistadorredloslagos.cl\/test\/wp-json\/wp\/v2\/media\/12464"}],"wp:attachment":[{"href":"https:\/\/elconquistadorredloslagos.cl\/test\/wp-json\/wp\/v2\/media?parent=12463"}],"wp:term":[{"taxonomy":"category","embeddable":true,"href":"https:\/\/elconquistadorredloslagos.cl\/test\/wp-json\/wp\/v2\/categories?post=12463"},{"taxonomy":"post_tag","embeddable":true,"href":"https:\/\/elconquistadorredloslagos.cl\/test\/wp-json\/wp\/v2\/tags?post=12463"}],"curies":[{"name":"wp","href":"https:\/\/api.w.org\/{rel}","templated":true}]}}