{"id":12415,"date":"2025-07-21T17:48:52","date_gmt":"2025-07-21T21:48:52","guid":{"rendered":"https:\/\/elconquistadorredloslagos.cl\/test\/?p=12415"},"modified":"2025-07-21T17:55:18","modified_gmt":"2025-07-21T21:55:18","slug":"advierten-heladas-matinales-y-riesgo-por-escarcha-en-distintos-puntos-de-la-region","status":"publish","type":"post","link":"https:\/\/elconquistadorredloslagos.cl\/test\/blog\/2025\/07\/21\/advierten-heladas-matinales-y-riesgo-por-escarcha-en-distintos-puntos-de-la-region\/","title":{"rendered":"Advierten heladas matinales y riesgo por escarcha en distintos puntos de la regi\u00f3n"},"content":{"rendered":"\n<p>Un marcado descenso en las temperaturas se espera para este martes 22 y mi\u00e9rcoles 23 de julio en la regi\u00f3n de Los Lagos, donde se prev\u00e9n m\u00ednimas bajo cero en diversas comunas, lo que podr\u00eda generar condiciones peligrosas en las primeras horas del d\u00eda.<\/p>\n\n\n\n<p>A trav\u00e9s de su cuenta de Facebook: TransporTeinforma Los Lagos, advierten sobre la posibilidad de escarcha, hielo en las v\u00edas, neblina y presencia de humo en sectores rurales, lo que aumenta el riesgo para quienes deben movilizarse temprano. Las autoridades llaman a extremar precauciones al conducir y a proteger especialmente a ni\u00f1os, personas mayores y animales ante la ola de fr\u00edo.<\/p>\n\n\n\n<p>Entre las temperaturas pronosticadas destacan -2 \u00b0C en Osorno, -1 \u00b0C en Puerto Montt, -2 \u00b0C en Cocham\u00f3, -1 \u00b0C en Ancud y Castro, 0 \u00b0C en Quell\u00f3n, -2 \u00b0C en Chait\u00e9n y -4 \u00b0C en Futaleuf\u00fa, una de las comunas m\u00e1s afectadas.<\/p>\n\n\n\n<p>Se recomienda planificar los desplazamientos con anticipaci\u00f3n, vestir en capas y mantenerse atentos a los canales oficiales para futuras actualizaciones clim\u00e1ticas.<\/p>\n\n\n\n<p>\ud83d\udcf7 Redes sociales<\/p>\n","protected":false},"excerpt":{"rendered":"<p>Un marcado descenso en las temperaturas se espera para este martes 22 y mi\u00e9rcoles 23 de julio en la regi\u00f3n de Los Lagos, donde se prev\u00e9n m\u00ednimas bajo cero en..<\/p>\n","protected":false},"author":2,"featured_media":12416,"comment_status":"closed","ping_status":"open","sticky":false,"template":"","format":"standard","meta":{"footnotes":""},"categories":[1,28,51,54,55,56],"tags":[],"class_list":["post-12415","post","type-post","status-publish","format-standard","has-post-thumbnail","hentry","category-acontecer","category-actual","category-chiloe","category-lago-llanquihue","category-osorno","category-puerto-montt"],"rttpg_featured_image_url":{"full":["https:\/\/elconquistadorredloslagos.cl\/test\/wp-content\/uploads\/2025\/07\/Diseno-sin-titulo-64.jpg",1920,1080,false],"landscape":["https:\/\/elconquistadorredloslagos.cl\/test\/wp-content\/uploads\/2025\/07\/Diseno-sin-titulo-64.jpg",1920,1080,false],"portraits":["https:\/\/elconquistadorredloslagos.cl\/test\/wp-content\/uploads\/2025\/07\/Diseno-sin-titulo-64.jpg",1920,1080,false],"thumbnail":["https:\/\/elconquistadorredloslagos.cl\/test\/wp-content\/uploads\/2025\/07\/Diseno-sin-titulo-64-150x150.jpg",150,150,true],"medium":["https:\/\/elconquistadorredloslagos.cl\/test\/wp-content\/uploads\/2025\/07\/Diseno-sin-titulo-64-300x169.jpg",300,169,true],"large":["https:\/\/elconquistadorredloslagos.cl\/test\/wp-content\/uploads\/2025\/07\/Diseno-sin-titulo-64-1024x576.jpg",1024,576,true],"1536x1536":["https:\/\/elconquistadorredloslagos.cl\/test\/wp-content\/uploads\/2025\/07\/Diseno-sin-titulo-64-1536x864.jpg",1536,864,true],"2048x2048":["https:\/\/elconquistadorredloslagos.cl\/test\/wp-content\/uploads\/2025\/07\/Diseno-sin-titulo-64.jpg",1920,1080,false]},"rttpg_author":{"display_name":"ccardenas","author_link":"https:\/\/elconquistadorredloslagos.cl\/test\/blog\/author\/ccardenas\/"},"rttpg_comment":0,"rttpg_category":"<a href=\"https:\/\/elconquistadorredloslagos.cl\/test\/blog\/category\/actual\/acontecer\/\" rel=\"category tag\">Acontecer<\/a> <a href=\"https:\/\/elconquistadorredloslagos.cl\/test\/blog\/category\/actual\/\" rel=\"category tag\">Actualidad<\/a> <a href=\"https:\/\/elconquistadorredloslagos.cl\/test\/blog\/category\/chile\/chiloe\/\" rel=\"category tag\">Chilo\u00e9<\/a> <a href=\"https:\/\/elconquistadorredloslagos.cl\/test\/blog\/category\/chile\/lago-llanquihue\/\" rel=\"category tag\">Lago LLanquihue<\/a> <a href=\"https:\/\/elconquistadorredloslagos.cl\/test\/blog\/category\/chile\/osorno\/\" rel=\"category tag\">Osorno<\/a> <a href=\"https:\/\/elconquistadorredloslagos.cl\/test\/blog\/category\/chile\/puerto-montt\/\" rel=\"category tag\">Puerto Montt<\/a>","rttpg_excerpt":"Un marcado descenso en las temperaturas se espera para este martes 22 y mi\u00e9rcoles 23 de julio en la regi\u00f3n de Los Lagos, donde se prev\u00e9n m\u00ednimas bajo cero en..","_links":{"self":[{"href":"https:\/\/elconquistadorredloslagos.cl\/test\/wp-json\/wp\/v2\/posts\/12415","targetHints":{"allow":["GET"]}}],"collection":[{"href":"https:\/\/elconquistadorredloslagos.cl\/test\/wp-json\/wp\/v2\/posts"}],"about":[{"href":"https:\/\/elconquistadorredloslagos.cl\/test\/wp-json\/wp\/v2\/types\/post"}],"author":[{"embeddable":true,"href":"https:\/\/elconquistadorredloslagos.cl\/test\/wp-json\/wp\/v2\/users\/2"}],"replies":[{"embeddable":true,"href":"https:\/\/elconquistadorredloslagos.cl\/test\/wp-json\/wp\/v2\/comments?post=12415"}],"version-history":[{"count":2,"href":"https:\/\/elconquistadorredloslagos.cl\/test\/wp-json\/wp\/v2\/posts\/12415\/revisions"}],"predecessor-version":[{"id":12418,"href":"https:\/\/elconquistadorredloslagos.cl\/test\/wp-json\/wp\/v2\/posts\/12415\/revisions\/12418"}],"wp:featuredmedia":[{"embeddable":true,"href":"https:\/\/elconquistadorredloslagos.cl\/test\/wp-json\/wp\/v2\/media\/12416"}],"wp:attachment":[{"href":"https:\/\/elconquistadorredloslagos.cl\/test\/wp-json\/wp\/v2\/media?parent=12415"}],"wp:term":[{"taxonomy":"category","embeddable":true,"href":"https:\/\/elconquistadorredloslagos.cl\/test\/wp-json\/wp\/v2\/categories?post=12415"},{"taxonomy":"post_tag","embeddable":true,"href":"https:\/\/elconquistadorredloslagos.cl\/test\/wp-json\/wp\/v2\/tags?post=12415"}],"curies":[{"name":"wp","href":"https:\/\/api.w.org\/{rel}","templated":true}]}}