{"id":12412,"date":"2025-07-21T17:36:58","date_gmt":"2025-07-21T21:36:58","guid":{"rendered":"https:\/\/elconquistadorredloslagos.cl\/test\/?p=12412"},"modified":"2025-07-21T17:36:58","modified_gmt":"2025-07-21T21:36:58","slug":"carabineros-descarta-cierre-de-reten-en-corte-alto-y-llama-a-la-calma-ante-rumores","status":"publish","type":"post","link":"https:\/\/elconquistadorredloslagos.cl\/test\/blog\/2025\/07\/21\/carabineros-descarta-cierre-de-reten-en-corte-alto-y-llama-a-la-calma-ante-rumores\/","title":{"rendered":"Carabineros descarta cierre de ret\u00e9n en Corte Alto y llama a la calma ante rumores"},"content":{"rendered":"\n<p>La preocupaci\u00f3n se instal\u00f3 entre los vecinos del sector Corte Alto en la comuna de Purranque, luego de que comenzaran a circular rumores sobre el eventual cierre de la unidad policial local. La situaci\u00f3n gener\u00f3 inquietud en la comunidad, que teme quedar desprotegida ante un eventual retiro del contingente de Carabineros.<\/p>\n\n\n\n<p>Frente a esto el prefecto (s) de la Prefectura Osorno, teniente coronel Carlos Reyes, desminti\u00f3 tajantemente la informaci\u00f3n y asegur\u00f3 que no existe ning\u00fan procedimiento en curso ni decisi\u00f3n institucional para cerrar el ret\u00e9n. Por el contrario, afirm\u00f3 que se trabaja en fortalecer la presencia policial en la zona.<\/p>\n\n\n\n<p>Reyes explic\u00f3 que es habitual que la instituci\u00f3n realice an\u00e1lisis internos sobre el funcionamiento de sus unidades, considerando el comportamiento social de cada territorio y las necesidades espec\u00edficas de la poblaci\u00f3n, con el fin de optimizar el despliegue operativo.<\/p>\n\n\n\n<p>En la misma l\u00ednea, la alcaldesa de Purranque, Alicia Villar, llam\u00f3 a la ciudadan\u00eda a informarse \u00fanicamente a trav\u00e9s de fuentes oficiales y a mantener la tranquilidad, subrayando que no hay decisiones adoptadas que afecten al ret\u00e9n de Corte Alto.<\/p>\n\n\n\n<p>\ud83d\udcf7 Redes sociales<\/p>\n","protected":false},"excerpt":{"rendered":"<p>La preocupaci\u00f3n se instal\u00f3 entre los vecinos del sector Corte Alto en la comuna de Purranque, luego de que comenzaran a circular rumores sobre el eventual cierre de la unidad..<\/p>\n","protected":false},"author":2,"featured_media":12413,"comment_status":"closed","ping_status":"open","sticky":false,"template":"","format":"standard","meta":{"footnotes":""},"categories":[1,28,55],"tags":[],"class_list":["post-12412","post","type-post","status-publish","format-standard","has-post-thumbnail","hentry","category-acontecer","category-actual","category-osorno"],"rttpg_featured_image_url":{"full":["https:\/\/elconquistadorredloslagos.cl\/test\/wp-content\/uploads\/2025\/07\/Diseno-sin-titulo-63.jpg",1920,1080,false],"landscape":["https:\/\/elconquistadorredloslagos.cl\/test\/wp-content\/uploads\/2025\/07\/Diseno-sin-titulo-63.jpg",1920,1080,false],"portraits":["https:\/\/elconquistadorredloslagos.cl\/test\/wp-content\/uploads\/2025\/07\/Diseno-sin-titulo-63.jpg",1920,1080,false],"thumbnail":["https:\/\/elconquistadorredloslagos.cl\/test\/wp-content\/uploads\/2025\/07\/Diseno-sin-titulo-63-150x150.jpg",150,150,true],"medium":["https:\/\/elconquistadorredloslagos.cl\/test\/wp-content\/uploads\/2025\/07\/Diseno-sin-titulo-63-300x169.jpg",300,169,true],"large":["https:\/\/elconquistadorredloslagos.cl\/test\/wp-content\/uploads\/2025\/07\/Diseno-sin-titulo-63-1024x576.jpg",1024,576,true],"1536x1536":["https:\/\/elconquistadorredloslagos.cl\/test\/wp-content\/uploads\/2025\/07\/Diseno-sin-titulo-63-1536x864.jpg",1536,864,true],"2048x2048":["https:\/\/elconquistadorredloslagos.cl\/test\/wp-content\/uploads\/2025\/07\/Diseno-sin-titulo-63.jpg",1920,1080,false]},"rttpg_author":{"display_name":"ccardenas","author_link":"https:\/\/elconquistadorredloslagos.cl\/test\/blog\/author\/ccardenas\/"},"rttpg_comment":0,"rttpg_category":"<a href=\"https:\/\/elconquistadorredloslagos.cl\/test\/blog\/category\/actual\/acontecer\/\" rel=\"category tag\">Acontecer<\/a> <a href=\"https:\/\/elconquistadorredloslagos.cl\/test\/blog\/category\/actual\/\" rel=\"category tag\">Actualidad<\/a> <a href=\"https:\/\/elconquistadorredloslagos.cl\/test\/blog\/category\/chile\/osorno\/\" rel=\"category tag\">Osorno<\/a>","rttpg_excerpt":"La preocupaci\u00f3n se instal\u00f3 entre los vecinos del sector Corte Alto en la comuna de Purranque, luego de que comenzaran a circular rumores sobre el eventual cierre de la unidad..","_links":{"self":[{"href":"https:\/\/elconquistadorredloslagos.cl\/test\/wp-json\/wp\/v2\/posts\/12412","targetHints":{"allow":["GET"]}}],"collection":[{"href":"https:\/\/elconquistadorredloslagos.cl\/test\/wp-json\/wp\/v2\/posts"}],"about":[{"href":"https:\/\/elconquistadorredloslagos.cl\/test\/wp-json\/wp\/v2\/types\/post"}],"author":[{"embeddable":true,"href":"https:\/\/elconquistadorredloslagos.cl\/test\/wp-json\/wp\/v2\/users\/2"}],"replies":[{"embeddable":true,"href":"https:\/\/elconquistadorredloslagos.cl\/test\/wp-json\/wp\/v2\/comments?post=12412"}],"version-history":[{"count":1,"href":"https:\/\/elconquistadorredloslagos.cl\/test\/wp-json\/wp\/v2\/posts\/12412\/revisions"}],"predecessor-version":[{"id":12414,"href":"https:\/\/elconquistadorredloslagos.cl\/test\/wp-json\/wp\/v2\/posts\/12412\/revisions\/12414"}],"wp:featuredmedia":[{"embeddable":true,"href":"https:\/\/elconquistadorredloslagos.cl\/test\/wp-json\/wp\/v2\/media\/12413"}],"wp:attachment":[{"href":"https:\/\/elconquistadorredloslagos.cl\/test\/wp-json\/wp\/v2\/media?parent=12412"}],"wp:term":[{"taxonomy":"category","embeddable":true,"href":"https:\/\/elconquistadorredloslagos.cl\/test\/wp-json\/wp\/v2\/categories?post=12412"},{"taxonomy":"post_tag","embeddable":true,"href":"https:\/\/elconquistadorredloslagos.cl\/test\/wp-json\/wp\/v2\/tags?post=12412"}],"curies":[{"name":"wp","href":"https:\/\/api.w.org\/{rel}","templated":true}]}}