{"id":12404,"date":"2025-07-21T17:03:21","date_gmt":"2025-07-21T21:03:21","guid":{"rendered":"https:\/\/elconquistadorredloslagos.cl\/test\/?p=12404"},"modified":"2025-07-21T17:03:21","modified_gmt":"2025-07-21T21:03:21","slug":"alcaldesa-villegas-supervisa-preparativos-de-la-fiesta-dalcahue-se-va-al-chancho","status":"publish","type":"post","link":"https:\/\/elconquistadorredloslagos.cl\/test\/blog\/2025\/07\/21\/alcaldesa-villegas-supervisa-preparativos-de-la-fiesta-dalcahue-se-va-al-chancho\/","title":{"rendered":"Alcaldesa Villegas supervisa preparativos de la fiesta \u201cDalcahue se va al Chancho\u201d"},"content":{"rendered":"\n<p>Una fiesta llena de sabor, cultura y tradiciones es la que prepara Dalcahue para este domingo 27 de julio en el Parque Municipal de Teguel, donde se desarrollar\u00e1 una nueva versi\u00f3n del evento \u201cDalcahue se va al Chancho\u201d. La actividad, organizada por la municipalidad, busca reactivar la econom\u00eda local, fomentar la cultura chilota y fortalecer el sentido de comunidad en medio del invierno.<\/p>\n\n\n\n<p>La alcaldesa Alejandra Villegas encabez\u00f3 este lunes una visita inspectiva al parque Teguel junto a su equipo municipal, con el fin de supervisar los avances y asegurar condiciones \u00f3ptimas para el desarrollo del evento.<\/p>\n\n\n\n<figure class=\"wp-block-audio\"><audio controls src=\"https:\/\/elconquistadorredloslagos.cl\/test\/wp-content\/uploads\/2025\/07\/CUNA-ALCALDESA-VILLEGAS.mp3\"><\/audio><\/figure>\n\n\n\n<p>La cita contar\u00e1 con 14 m\u00f3dulos gastron\u00f3micos donde el chancho ser\u00e1 el protagonista, acompa\u00f1ado de productos t\u00edpicos y sabores propios del territorio. A ellos se suman 38 emprendedores que ofrecer\u00e1n artesan\u00eda, alimentos y productos locales. As\u00ed lo explic\u00f3 la encargada de Desarrollo Local de la municipalidad Marcela Staforelli.<\/p>\n\n\n\n<figure class=\"wp-block-audio\"><audio controls src=\"https:\/\/elconquistadorredloslagos.cl\/test\/wp-content\/uploads\/2025\/07\/CUNA-MARCELA-STAFORELLI-1.mp3\"><\/audio><\/figure>\n\n\n\n<p>Una de las principales novedades ser\u00e1 el Primer Campeonato de Truco de Dalcahue, organizado por el Club Deportivo local. El torneo premiar\u00e1 a los cuatro mejores lugares y busca rescatar este tradicional juego de cartas, combinando estrategia, picard\u00eda y herencia cultural. Se extendi\u00f3 la invitaci\u00f3n a vecinos, vecinas y visitantes de toda la regi\u00f3n a sumarse a esta jornada familiar.<\/p>\n","protected":false},"excerpt":{"rendered":"<p>Una fiesta llena de sabor, cultura y tradiciones es la que prepara Dalcahue para este domingo 27 de julio en el Parque Municipal de Teguel, donde se desarrollar\u00e1 una nueva..<\/p>\n","protected":false},"author":2,"featured_media":12407,"comment_status":"closed","ping_status":"open","sticky":false,"template":"","format":"standard","meta":{"footnotes":""},"categories":[1,28,51],"tags":[],"class_list":["post-12404","post","type-post","status-publish","format-standard","has-post-thumbnail","hentry","category-acontecer","category-actual","category-chiloe"],"rttpg_featured_image_url":{"full":["https:\/\/elconquistadorredloslagos.cl\/test\/wp-content\/uploads\/2025\/07\/Diseno-sin-titulo-61.jpg",1920,1080,false],"landscape":["https:\/\/elconquistadorredloslagos.cl\/test\/wp-content\/uploads\/2025\/07\/Diseno-sin-titulo-61.jpg",1920,1080,false],"portraits":["https:\/\/elconquistadorredloslagos.cl\/test\/wp-content\/uploads\/2025\/07\/Diseno-sin-titulo-61.jpg",1920,1080,false],"thumbnail":["https:\/\/elconquistadorredloslagos.cl\/test\/wp-content\/uploads\/2025\/07\/Diseno-sin-titulo-61-150x150.jpg",150,150,true],"medium":["https:\/\/elconquistadorredloslagos.cl\/test\/wp-content\/uploads\/2025\/07\/Diseno-sin-titulo-61-300x169.jpg",300,169,true],"large":["https:\/\/elconquistadorredloslagos.cl\/test\/wp-content\/uploads\/2025\/07\/Diseno-sin-titulo-61-1024x576.jpg",1024,576,true],"1536x1536":["https:\/\/elconquistadorredloslagos.cl\/test\/wp-content\/uploads\/2025\/07\/Diseno-sin-titulo-61-1536x864.jpg",1536,864,true],"2048x2048":["https:\/\/elconquistadorredloslagos.cl\/test\/wp-content\/uploads\/2025\/07\/Diseno-sin-titulo-61.jpg",1920,1080,false]},"rttpg_author":{"display_name":"ccardenas","author_link":"https:\/\/elconquistadorredloslagos.cl\/test\/blog\/author\/ccardenas\/"},"rttpg_comment":0,"rttpg_category":"<a href=\"https:\/\/elconquistadorredloslagos.cl\/test\/blog\/category\/actual\/acontecer\/\" rel=\"category tag\">Acontecer<\/a> <a href=\"https:\/\/elconquistadorredloslagos.cl\/test\/blog\/category\/actual\/\" rel=\"category tag\">Actualidad<\/a> <a href=\"https:\/\/elconquistadorredloslagos.cl\/test\/blog\/category\/chile\/chiloe\/\" rel=\"category tag\">Chilo\u00e9<\/a>","rttpg_excerpt":"Una fiesta llena de sabor, cultura y tradiciones es la que prepara Dalcahue para este domingo 27 de julio en el Parque Municipal de Teguel, donde se desarrollar\u00e1 una nueva..","_links":{"self":[{"href":"https:\/\/elconquistadorredloslagos.cl\/test\/wp-json\/wp\/v2\/posts\/12404","targetHints":{"allow":["GET"]}}],"collection":[{"href":"https:\/\/elconquistadorredloslagos.cl\/test\/wp-json\/wp\/v2\/posts"}],"about":[{"href":"https:\/\/elconquistadorredloslagos.cl\/test\/wp-json\/wp\/v2\/types\/post"}],"author":[{"embeddable":true,"href":"https:\/\/elconquistadorredloslagos.cl\/test\/wp-json\/wp\/v2\/users\/2"}],"replies":[{"embeddable":true,"href":"https:\/\/elconquistadorredloslagos.cl\/test\/wp-json\/wp\/v2\/comments?post=12404"}],"version-history":[{"count":1,"href":"https:\/\/elconquistadorredloslagos.cl\/test\/wp-json\/wp\/v2\/posts\/12404\/revisions"}],"predecessor-version":[{"id":12408,"href":"https:\/\/elconquistadorredloslagos.cl\/test\/wp-json\/wp\/v2\/posts\/12404\/revisions\/12408"}],"wp:featuredmedia":[{"embeddable":true,"href":"https:\/\/elconquistadorredloslagos.cl\/test\/wp-json\/wp\/v2\/media\/12407"}],"wp:attachment":[{"href":"https:\/\/elconquistadorredloslagos.cl\/test\/wp-json\/wp\/v2\/media?parent=12404"}],"wp:term":[{"taxonomy":"category","embeddable":true,"href":"https:\/\/elconquistadorredloslagos.cl\/test\/wp-json\/wp\/v2\/categories?post=12404"},{"taxonomy":"post_tag","embeddable":true,"href":"https:\/\/elconquistadorredloslagos.cl\/test\/wp-json\/wp\/v2\/tags?post=12404"}],"curies":[{"name":"wp","href":"https:\/\/api.w.org\/{rel}","templated":true}]}}