{"id":12398,"date":"2025-07-21T13:02:39","date_gmt":"2025-07-21T17:02:39","guid":{"rendered":"https:\/\/elconquistadorredloslagos.cl\/test\/?p=12398"},"modified":"2025-07-21T13:02:40","modified_gmt":"2025-07-21T17:02:40","slug":"extraen-mas-de-13-mil-litros-de-combustible-desde-barcaza-hundida-en-queilen","status":"publish","type":"post","link":"https:\/\/elconquistadorredloslagos.cl\/test\/blog\/2025\/07\/21\/extraen-mas-de-13-mil-litros-de-combustible-desde-barcaza-hundida-en-queilen\/","title":{"rendered":"Extraen m\u00e1s de 13 mil litros de combustible desde barcaza hundida en Queilen"},"content":{"rendered":"\n<p>Un total de 13 mil litros de una mezcla de agua y combustible fueron retirados desde la barcaza Maximiliano Andr\u00e9s, hundida desde el 27 de mayo frente a las costas de Queilen.<\/p>\n\n\n\n<p>El operativo, supervisado por la Armada y ejecutado por el armador de la nave con apoyo de empresas contratadas por el seguro, emple\u00f3 buzos profesionales, motobombas y mangueras para vaciar los estanques de combustible, minimizando as\u00ed el riesgo ambiental.<\/p>\n\n\n\n<p>El capit\u00e1n de Puerto de Chonchi, Felipe Ortega, inform\u00f3 que no se han detectado rastros de hidrocarburos en el mar. A pesar de ello, se mantiene en el sitio una barrera de contenci\u00f3n y una nave de vigilancia como medida preventiva.<\/p>\n\n\n\n<p>La pr\u00f3xima etapa ser\u00e1 presentar un plan t\u00e9cnico de reflotamiento ante la Autoridad Mar\u00edtima, el cual debe cumplir con estrictos protocolos de seguridad. El objetivo es remover completamente la embarcaci\u00f3n del fondo marino y continuar con las tareas de recuperaci\u00f3n en la zona afectada.<\/p>\n\n\n\n<p>\ud83d\udcf7 (Captura de video) &#8211; Redes sociales<\/p>\n","protected":false},"excerpt":{"rendered":"<p>Un total de 13 mil litros de una mezcla de agua y combustible fueron retirados desde la barcaza Maximiliano Andr\u00e9s, hundida desde el 27 de mayo frente a las costas..<\/p>\n","protected":false},"author":2,"featured_media":12399,"comment_status":"closed","ping_status":"open","sticky":false,"template":"","format":"standard","meta":{"footnotes":""},"categories":[1,28,51],"tags":[],"class_list":["post-12398","post","type-post","status-publish","format-standard","has-post-thumbnail","hentry","category-acontecer","category-actual","category-chiloe"],"rttpg_featured_image_url":{"full":["https:\/\/elconquistadorredloslagos.cl\/test\/wp-content\/uploads\/2025\/07\/Diseno-sin-titulo-59.jpg",1920,1080,false],"landscape":["https:\/\/elconquistadorredloslagos.cl\/test\/wp-content\/uploads\/2025\/07\/Diseno-sin-titulo-59.jpg",1920,1080,false],"portraits":["https:\/\/elconquistadorredloslagos.cl\/test\/wp-content\/uploads\/2025\/07\/Diseno-sin-titulo-59.jpg",1920,1080,false],"thumbnail":["https:\/\/elconquistadorredloslagos.cl\/test\/wp-content\/uploads\/2025\/07\/Diseno-sin-titulo-59-150x150.jpg",150,150,true],"medium":["https:\/\/elconquistadorredloslagos.cl\/test\/wp-content\/uploads\/2025\/07\/Diseno-sin-titulo-59-300x169.jpg",300,169,true],"large":["https:\/\/elconquistadorredloslagos.cl\/test\/wp-content\/uploads\/2025\/07\/Diseno-sin-titulo-59-1024x576.jpg",1024,576,true],"1536x1536":["https:\/\/elconquistadorredloslagos.cl\/test\/wp-content\/uploads\/2025\/07\/Diseno-sin-titulo-59-1536x864.jpg",1536,864,true],"2048x2048":["https:\/\/elconquistadorredloslagos.cl\/test\/wp-content\/uploads\/2025\/07\/Diseno-sin-titulo-59.jpg",1920,1080,false]},"rttpg_author":{"display_name":"ccardenas","author_link":"https:\/\/elconquistadorredloslagos.cl\/test\/blog\/author\/ccardenas\/"},"rttpg_comment":0,"rttpg_category":"<a href=\"https:\/\/elconquistadorredloslagos.cl\/test\/blog\/category\/actual\/acontecer\/\" rel=\"category tag\">Acontecer<\/a> <a href=\"https:\/\/elconquistadorredloslagos.cl\/test\/blog\/category\/actual\/\" rel=\"category tag\">Actualidad<\/a> <a href=\"https:\/\/elconquistadorredloslagos.cl\/test\/blog\/category\/chile\/chiloe\/\" rel=\"category tag\">Chilo\u00e9<\/a>","rttpg_excerpt":"Un total de 13 mil litros de una mezcla de agua y combustible fueron retirados desde la barcaza Maximiliano Andr\u00e9s, hundida desde el 27 de mayo frente a las costas..","_links":{"self":[{"href":"https:\/\/elconquistadorredloslagos.cl\/test\/wp-json\/wp\/v2\/posts\/12398","targetHints":{"allow":["GET"]}}],"collection":[{"href":"https:\/\/elconquistadorredloslagos.cl\/test\/wp-json\/wp\/v2\/posts"}],"about":[{"href":"https:\/\/elconquistadorredloslagos.cl\/test\/wp-json\/wp\/v2\/types\/post"}],"author":[{"embeddable":true,"href":"https:\/\/elconquistadorredloslagos.cl\/test\/wp-json\/wp\/v2\/users\/2"}],"replies":[{"embeddable":true,"href":"https:\/\/elconquistadorredloslagos.cl\/test\/wp-json\/wp\/v2\/comments?post=12398"}],"version-history":[{"count":1,"href":"https:\/\/elconquistadorredloslagos.cl\/test\/wp-json\/wp\/v2\/posts\/12398\/revisions"}],"predecessor-version":[{"id":12400,"href":"https:\/\/elconquistadorredloslagos.cl\/test\/wp-json\/wp\/v2\/posts\/12398\/revisions\/12400"}],"wp:featuredmedia":[{"embeddable":true,"href":"https:\/\/elconquistadorredloslagos.cl\/test\/wp-json\/wp\/v2\/media\/12399"}],"wp:attachment":[{"href":"https:\/\/elconquistadorredloslagos.cl\/test\/wp-json\/wp\/v2\/media?parent=12398"}],"wp:term":[{"taxonomy":"category","embeddable":true,"href":"https:\/\/elconquistadorredloslagos.cl\/test\/wp-json\/wp\/v2\/categories?post=12398"},{"taxonomy":"post_tag","embeddable":true,"href":"https:\/\/elconquistadorredloslagos.cl\/test\/wp-json\/wp\/v2\/tags?post=12398"}],"curies":[{"name":"wp","href":"https:\/\/api.w.org\/{rel}","templated":true}]}}