{"id":12395,"date":"2025-07-21T12:54:25","date_gmt":"2025-07-21T16:54:25","guid":{"rendered":"https:\/\/elconquistadorredloslagos.cl\/test\/?p=12395"},"modified":"2025-07-21T12:54:25","modified_gmt":"2025-07-21T16:54:25","slug":"familia-amplia-busqueda-de-adulto-mayor-desaparecido-en-osorno-y-solicita-ayuda-comunitaria","status":"publish","type":"post","link":"https:\/\/elconquistadorredloslagos.cl\/test\/blog\/2025\/07\/21\/familia-amplia-busqueda-de-adulto-mayor-desaparecido-en-osorno-y-solicita-ayuda-comunitaria\/","title":{"rendered":"Familia ampl\u00eda b\u00fasqueda de adulto mayor desaparecido en Osorno y solicita ayuda comunitaria"},"content":{"rendered":"\n<p>Ya van 20 d\u00edas desde que Alejandro Gallardo, adulto mayor de 63 a\u00f1os desapareci\u00f3 en Osorno. La familia confirm\u00f3 que se ha ampliado el radio de b\u00fasqueda y pidi\u00f3 colaboraci\u00f3n a la comunidad, tanto en insumos como en voluntariado para continuar con el rastreo.<\/p>\n\n\n\n<p>Gallardo fue visto por \u00faltima vez el 1 de julio, cerca de las 16.40 horas, en la villa Quilacahu\u00edn. C\u00e1maras de seguridad lo captaron caminando por el sector antes de perderse completamente su rastro. Desde entonces agrupaciones especializadas en rescate han mantenido operativos diarios, extendiendo el \u00e1rea de revisi\u00f3n a medida que pasan los d\u00edas sin resultados.<\/p>\n\n\n\n<p>Su hijo Juan Gallardo se\u00f1al\u00f3 que han sido semanas de incertidumbre y que a\u00fan no hay pistas claras sobre el paradero de su padre, quien padece demencia senil, hipertensi\u00f3n, diabetes y tiene movilidad reducida.<\/p>\n\n\n\n<p>La familia detalla que Alejandro mide 1,70 metros, es de contextura delgada, moreno, canoso, y vest\u00eda jockey rojo, su\u00e9ter gris, chaqueta azul tipo \u201cpeludito\u201d, jeans oscuros y zapatillas negras con suela blanca.<\/p>\n\n\n\n<p>Para aportar informaci\u00f3n o colaborar, se dispuso el contacto +56 9 6776 6090 y la Cuenta Rut 21.247.885-7, ambos a nombre de Freddy Gallardo.<\/p>\n\n\n\n<p>\ud83d\udcf7 Redes sociales<\/p>\n","protected":false},"excerpt":{"rendered":"<p>Ya van 20 d\u00edas desde que Alejandro Gallardo, adulto mayor de 63 a\u00f1os desapareci\u00f3 en Osorno. La familia confirm\u00f3 que se ha ampliado el radio de b\u00fasqueda y pidi\u00f3 colaboraci\u00f3n..<\/p>\n","protected":false},"author":2,"featured_media":12396,"comment_status":"closed","ping_status":"open","sticky":false,"template":"","format":"standard","meta":{"footnotes":""},"categories":[1,28,55],"tags":[],"class_list":["post-12395","post","type-post","status-publish","format-standard","has-post-thumbnail","hentry","category-acontecer","category-actual","category-osorno"],"rttpg_featured_image_url":{"full":["https:\/\/elconquistadorredloslagos.cl\/test\/wp-content\/uploads\/2025\/07\/Diseno-sin-titulo-58.jpg",1920,1080,false],"landscape":["https:\/\/elconquistadorredloslagos.cl\/test\/wp-content\/uploads\/2025\/07\/Diseno-sin-titulo-58.jpg",1920,1080,false],"portraits":["https:\/\/elconquistadorredloslagos.cl\/test\/wp-content\/uploads\/2025\/07\/Diseno-sin-titulo-58.jpg",1920,1080,false],"thumbnail":["https:\/\/elconquistadorredloslagos.cl\/test\/wp-content\/uploads\/2025\/07\/Diseno-sin-titulo-58-150x150.jpg",150,150,true],"medium":["https:\/\/elconquistadorredloslagos.cl\/test\/wp-content\/uploads\/2025\/07\/Diseno-sin-titulo-58-300x169.jpg",300,169,true],"large":["https:\/\/elconquistadorredloslagos.cl\/test\/wp-content\/uploads\/2025\/07\/Diseno-sin-titulo-58-1024x576.jpg",1024,576,true],"1536x1536":["https:\/\/elconquistadorredloslagos.cl\/test\/wp-content\/uploads\/2025\/07\/Diseno-sin-titulo-58-1536x864.jpg",1536,864,true],"2048x2048":["https:\/\/elconquistadorredloslagos.cl\/test\/wp-content\/uploads\/2025\/07\/Diseno-sin-titulo-58.jpg",1920,1080,false]},"rttpg_author":{"display_name":"ccardenas","author_link":"https:\/\/elconquistadorredloslagos.cl\/test\/blog\/author\/ccardenas\/"},"rttpg_comment":0,"rttpg_category":"<a href=\"https:\/\/elconquistadorredloslagos.cl\/test\/blog\/category\/actual\/acontecer\/\" rel=\"category tag\">Acontecer<\/a> <a href=\"https:\/\/elconquistadorredloslagos.cl\/test\/blog\/category\/actual\/\" rel=\"category tag\">Actualidad<\/a> <a href=\"https:\/\/elconquistadorredloslagos.cl\/test\/blog\/category\/chile\/osorno\/\" rel=\"category tag\">Osorno<\/a>","rttpg_excerpt":"Ya van 20 d\u00edas desde que Alejandro Gallardo, adulto mayor de 63 a\u00f1os desapareci\u00f3 en Osorno. La familia confirm\u00f3 que se ha ampliado el radio de b\u00fasqueda y pidi\u00f3 colaboraci\u00f3n..","_links":{"self":[{"href":"https:\/\/elconquistadorredloslagos.cl\/test\/wp-json\/wp\/v2\/posts\/12395","targetHints":{"allow":["GET"]}}],"collection":[{"href":"https:\/\/elconquistadorredloslagos.cl\/test\/wp-json\/wp\/v2\/posts"}],"about":[{"href":"https:\/\/elconquistadorredloslagos.cl\/test\/wp-json\/wp\/v2\/types\/post"}],"author":[{"embeddable":true,"href":"https:\/\/elconquistadorredloslagos.cl\/test\/wp-json\/wp\/v2\/users\/2"}],"replies":[{"embeddable":true,"href":"https:\/\/elconquistadorredloslagos.cl\/test\/wp-json\/wp\/v2\/comments?post=12395"}],"version-history":[{"count":1,"href":"https:\/\/elconquistadorredloslagos.cl\/test\/wp-json\/wp\/v2\/posts\/12395\/revisions"}],"predecessor-version":[{"id":12397,"href":"https:\/\/elconquistadorredloslagos.cl\/test\/wp-json\/wp\/v2\/posts\/12395\/revisions\/12397"}],"wp:featuredmedia":[{"embeddable":true,"href":"https:\/\/elconquistadorredloslagos.cl\/test\/wp-json\/wp\/v2\/media\/12396"}],"wp:attachment":[{"href":"https:\/\/elconquistadorredloslagos.cl\/test\/wp-json\/wp\/v2\/media?parent=12395"}],"wp:term":[{"taxonomy":"category","embeddable":true,"href":"https:\/\/elconquistadorredloslagos.cl\/test\/wp-json\/wp\/v2\/categories?post=12395"},{"taxonomy":"post_tag","embeddable":true,"href":"https:\/\/elconquistadorredloslagos.cl\/test\/wp-json\/wp\/v2\/tags?post=12395"}],"curies":[{"name":"wp","href":"https:\/\/api.w.org\/{rel}","templated":true}]}}