{"id":12392,"date":"2025-07-21T12:46:29","date_gmt":"2025-07-21T16:46:29","guid":{"rendered":"https:\/\/elconquistadorredloslagos.cl\/test\/?p=12392"},"modified":"2025-07-21T12:46:29","modified_gmt":"2025-07-21T16:46:29","slug":"incendio-en-frutillar-deja-11-damnificados-y-una-persona-desaparecida","status":"publish","type":"post","link":"https:\/\/elconquistadorredloslagos.cl\/test\/blog\/2025\/07\/21\/incendio-en-frutillar-deja-11-damnificados-y-una-persona-desaparecida\/","title":{"rendered":"Incendio en Frutillar deja 11 damnificados y una persona desaparecida"},"content":{"rendered":"\n<p>Un violento incendio destruy\u00f3 dos viviendas y dej\u00f3 otras dos con da\u00f1os severos en la poblaci\u00f3n Vista Hermosa de Frutillar. La emergencia ocurri\u00f3 durante esta madrugada de lunes en calle Vermont y dej\u00f3 11 personas damnificadas.<\/p>\n\n\n\n<p>El fuego moviliz\u00f3 a cerca de 40 voluntarios de distintas compa\u00f1\u00edas del Cuerpo de Bomberos, adem\u00e1s de Carabineros. El primer comandante de Bomberos, Mat\u00edas Miranda, inform\u00f3 que se busca a una persona presuntamente desaparecida, quien habr\u00eda estado al interior de una de las casas completamente consumidas por las llamas.<\/p>\n\n\n\n<p>Desde el municipio informaron que se revisa el Registro Social de Hogares para facilitar ayudas, como la entrega de materiales de construcci\u00f3n. La b\u00fasqueda de la persona desaparecida contin\u00faa y el origen del incendio est\u00e1 siendo investigado.<\/p>\n\n\n\n<p>\ud83d\udcf7 <a href=\"https:\/\/www.facebook.com\/MunicipalidadFrutillar?__cft__[0]=AZUCky978e9r9YCqw5eD-EfnGM3sI39EDWajijzI5JzNLKWxv3KXxlOCEKAVg7EF87eqPXCK4anJh0LQ0CNAgvOBLre-GrB1vmsSq3wdYjtf4qAChTts4vHabVBNiScdkVb6l821wXP6-UHjNukYpH8X&amp;__tn__=-UC*F\">Municipalidad Frutillar<\/a> &#8211; Facebook<\/p>\n","protected":false},"excerpt":{"rendered":"<p>Un violento incendio destruy\u00f3 dos viviendas y dej\u00f3 otras dos con da\u00f1os severos en la poblaci\u00f3n Vista Hermosa de Frutillar. La emergencia ocurri\u00f3 durante esta madrugada de lunes en calle..<\/p>\n","protected":false},"author":2,"featured_media":12393,"comment_status":"closed","ping_status":"open","sticky":false,"template":"","format":"standard","meta":{"footnotes":""},"categories":[1,28,56],"tags":[],"class_list":["post-12392","post","type-post","status-publish","format-standard","has-post-thumbnail","hentry","category-acontecer","category-actual","category-puerto-montt"],"rttpg_featured_image_url":{"full":["https:\/\/elconquistadorredloslagos.cl\/test\/wp-content\/uploads\/2025\/07\/Diseno-sin-titulo-57.jpg",1920,1080,false],"landscape":["https:\/\/elconquistadorredloslagos.cl\/test\/wp-content\/uploads\/2025\/07\/Diseno-sin-titulo-57.jpg",1920,1080,false],"portraits":["https:\/\/elconquistadorredloslagos.cl\/test\/wp-content\/uploads\/2025\/07\/Diseno-sin-titulo-57.jpg",1920,1080,false],"thumbnail":["https:\/\/elconquistadorredloslagos.cl\/test\/wp-content\/uploads\/2025\/07\/Diseno-sin-titulo-57-150x150.jpg",150,150,true],"medium":["https:\/\/elconquistadorredloslagos.cl\/test\/wp-content\/uploads\/2025\/07\/Diseno-sin-titulo-57-300x169.jpg",300,169,true],"large":["https:\/\/elconquistadorredloslagos.cl\/test\/wp-content\/uploads\/2025\/07\/Diseno-sin-titulo-57-1024x576.jpg",1024,576,true],"1536x1536":["https:\/\/elconquistadorredloslagos.cl\/test\/wp-content\/uploads\/2025\/07\/Diseno-sin-titulo-57-1536x864.jpg",1536,864,true],"2048x2048":["https:\/\/elconquistadorredloslagos.cl\/test\/wp-content\/uploads\/2025\/07\/Diseno-sin-titulo-57.jpg",1920,1080,false]},"rttpg_author":{"display_name":"ccardenas","author_link":"https:\/\/elconquistadorredloslagos.cl\/test\/blog\/author\/ccardenas\/"},"rttpg_comment":0,"rttpg_category":"<a href=\"https:\/\/elconquistadorredloslagos.cl\/test\/blog\/category\/actual\/acontecer\/\" rel=\"category tag\">Acontecer<\/a> <a href=\"https:\/\/elconquistadorredloslagos.cl\/test\/blog\/category\/actual\/\" rel=\"category tag\">Actualidad<\/a> <a href=\"https:\/\/elconquistadorredloslagos.cl\/test\/blog\/category\/chile\/puerto-montt\/\" rel=\"category tag\">Puerto Montt<\/a>","rttpg_excerpt":"Un violento incendio destruy\u00f3 dos viviendas y dej\u00f3 otras dos con da\u00f1os severos en la poblaci\u00f3n Vista Hermosa de Frutillar. La emergencia ocurri\u00f3 durante esta madrugada de lunes en calle..","_links":{"self":[{"href":"https:\/\/elconquistadorredloslagos.cl\/test\/wp-json\/wp\/v2\/posts\/12392","targetHints":{"allow":["GET"]}}],"collection":[{"href":"https:\/\/elconquistadorredloslagos.cl\/test\/wp-json\/wp\/v2\/posts"}],"about":[{"href":"https:\/\/elconquistadorredloslagos.cl\/test\/wp-json\/wp\/v2\/types\/post"}],"author":[{"embeddable":true,"href":"https:\/\/elconquistadorredloslagos.cl\/test\/wp-json\/wp\/v2\/users\/2"}],"replies":[{"embeddable":true,"href":"https:\/\/elconquistadorredloslagos.cl\/test\/wp-json\/wp\/v2\/comments?post=12392"}],"version-history":[{"count":1,"href":"https:\/\/elconquistadorredloslagos.cl\/test\/wp-json\/wp\/v2\/posts\/12392\/revisions"}],"predecessor-version":[{"id":12394,"href":"https:\/\/elconquistadorredloslagos.cl\/test\/wp-json\/wp\/v2\/posts\/12392\/revisions\/12394"}],"wp:featuredmedia":[{"embeddable":true,"href":"https:\/\/elconquistadorredloslagos.cl\/test\/wp-json\/wp\/v2\/media\/12393"}],"wp:attachment":[{"href":"https:\/\/elconquistadorredloslagos.cl\/test\/wp-json\/wp\/v2\/media?parent=12392"}],"wp:term":[{"taxonomy":"category","embeddable":true,"href":"https:\/\/elconquistadorredloslagos.cl\/test\/wp-json\/wp\/v2\/categories?post=12392"},{"taxonomy":"post_tag","embeddable":true,"href":"https:\/\/elconquistadorredloslagos.cl\/test\/wp-json\/wp\/v2\/tags?post=12392"}],"curies":[{"name":"wp","href":"https:\/\/api.w.org\/{rel}","templated":true}]}}