{"id":12388,"date":"2025-07-21T12:27:47","date_gmt":"2025-07-21T16:27:47","guid":{"rendered":"https:\/\/elconquistadorredloslagos.cl\/test\/?p=12388"},"modified":"2025-07-21T12:27:47","modified_gmt":"2025-07-21T16:27:47","slug":"bypass-de-castro-abrira-antes-de-lo-previsto","status":"publish","type":"post","link":"https:\/\/elconquistadorredloslagos.cl\/test\/blog\/2025\/07\/21\/bypass-de-castro-abrira-antes-de-lo-previsto\/","title":{"rendered":"Bypass de Castro abrir\u00e1 antes de lo previsto"},"content":{"rendered":"\n<p>Una noticia esperada por a\u00f1os en Chilo\u00e9 fue confirmada en Osorno por la ministra de Obras P\u00fablicas, Jessica L\u00f3pez, durante su Cuenta P\u00fablica ministerial: el Bypass de Castro entrar\u00e1 en funcionamiento en marzo de 2026, tres meses antes de lo planificado. La obra, que ya supera el 70% de avance f\u00edsico, busca descongestionar el centro urbano de la capital provincial y optimizar el tr\u00e1nsito de veh\u00edculos pesados en la isla.<\/p>\n\n\n\n<p>En su exposici\u00f3n, la secretaria de Estado destac\u00f3 que esta infraestructura vial de 16 kil\u00f3metros marca un hito en la conectividad local. Reconoci\u00f3 adem\u00e1s los obst\u00e1culos que ha enfrentado el proyecto y valor\u00f3 el impulso que ha permitido acercar su inauguraci\u00f3n.<\/p>\n\n\n\n<figure class=\"wp-block-audio\"><audio controls src=\"https:\/\/elconquistadorredloslagos.cl\/test\/wp-content\/uploads\/2025\/07\/CUNA-MOP.mp3\"><\/audio><\/figure>\n\n\n\n<p>Durante su balance, L\u00f3pez tambi\u00e9n inform\u00f3 sobre mejoras en la red aeroportuaria regional, con inversiones para modernizar El Tepual (Puerto Montt), Ca\u00f1al Bajo (Osorno) y el aer\u00f3dromo de Mocopulli en Dalcahue.<\/p>\n","protected":false},"excerpt":{"rendered":"<p>Una noticia esperada por a\u00f1os en Chilo\u00e9 fue confirmada en Osorno por la ministra de Obras P\u00fablicas, Jessica L\u00f3pez, durante su Cuenta P\u00fablica ministerial: el Bypass de Castro entrar\u00e1 en..<\/p>\n","protected":false},"author":2,"featured_media":12390,"comment_status":"closed","ping_status":"open","sticky":false,"template":"","format":"standard","meta":{"footnotes":""},"categories":[1,28,51,52,27],"tags":[],"class_list":["post-12388","post","type-post","status-publish","format-standard","has-post-thumbnail","hentry","category-acontecer","category-actual","category-chiloe","category-chile","category-tecnologia"],"rttpg_featured_image_url":{"full":["https:\/\/elconquistadorredloslagos.cl\/test\/wp-content\/uploads\/2025\/07\/Diseno-sin-titulo-56.jpg",1920,1080,false],"landscape":["https:\/\/elconquistadorredloslagos.cl\/test\/wp-content\/uploads\/2025\/07\/Diseno-sin-titulo-56.jpg",1920,1080,false],"portraits":["https:\/\/elconquistadorredloslagos.cl\/test\/wp-content\/uploads\/2025\/07\/Diseno-sin-titulo-56.jpg",1920,1080,false],"thumbnail":["https:\/\/elconquistadorredloslagos.cl\/test\/wp-content\/uploads\/2025\/07\/Diseno-sin-titulo-56-150x150.jpg",150,150,true],"medium":["https:\/\/elconquistadorredloslagos.cl\/test\/wp-content\/uploads\/2025\/07\/Diseno-sin-titulo-56-300x169.jpg",300,169,true],"large":["https:\/\/elconquistadorredloslagos.cl\/test\/wp-content\/uploads\/2025\/07\/Diseno-sin-titulo-56-1024x576.jpg",1024,576,true],"1536x1536":["https:\/\/elconquistadorredloslagos.cl\/test\/wp-content\/uploads\/2025\/07\/Diseno-sin-titulo-56-1536x864.jpg",1536,864,true],"2048x2048":["https:\/\/elconquistadorredloslagos.cl\/test\/wp-content\/uploads\/2025\/07\/Diseno-sin-titulo-56.jpg",1920,1080,false]},"rttpg_author":{"display_name":"ccardenas","author_link":"https:\/\/elconquistadorredloslagos.cl\/test\/blog\/author\/ccardenas\/"},"rttpg_comment":0,"rttpg_category":"<a href=\"https:\/\/elconquistadorredloslagos.cl\/test\/blog\/category\/actual\/acontecer\/\" rel=\"category tag\">Acontecer<\/a> <a href=\"https:\/\/elconquistadorredloslagos.cl\/test\/blog\/category\/actual\/\" rel=\"category tag\">Actualidad<\/a> <a href=\"https:\/\/elconquistadorredloslagos.cl\/test\/blog\/category\/chile\/chiloe\/\" rel=\"category tag\">Chilo\u00e9<\/a> <a href=\"https:\/\/elconquistadorredloslagos.cl\/test\/blog\/category\/chile\/\" rel=\"category tag\">Nacional<\/a> <a href=\"https:\/\/elconquistadorredloslagos.cl\/test\/blog\/category\/actual\/tecnologia\/\" rel=\"category tag\">Tecnologias<\/a>","rttpg_excerpt":"Una noticia esperada por a\u00f1os en Chilo\u00e9 fue confirmada en Osorno por la ministra de Obras P\u00fablicas, Jessica L\u00f3pez, durante su Cuenta P\u00fablica ministerial: el Bypass de Castro entrar\u00e1 en..","_links":{"self":[{"href":"https:\/\/elconquistadorredloslagos.cl\/test\/wp-json\/wp\/v2\/posts\/12388","targetHints":{"allow":["GET"]}}],"collection":[{"href":"https:\/\/elconquistadorredloslagos.cl\/test\/wp-json\/wp\/v2\/posts"}],"about":[{"href":"https:\/\/elconquistadorredloslagos.cl\/test\/wp-json\/wp\/v2\/types\/post"}],"author":[{"embeddable":true,"href":"https:\/\/elconquistadorredloslagos.cl\/test\/wp-json\/wp\/v2\/users\/2"}],"replies":[{"embeddable":true,"href":"https:\/\/elconquistadorredloslagos.cl\/test\/wp-json\/wp\/v2\/comments?post=12388"}],"version-history":[{"count":1,"href":"https:\/\/elconquistadorredloslagos.cl\/test\/wp-json\/wp\/v2\/posts\/12388\/revisions"}],"predecessor-version":[{"id":12391,"href":"https:\/\/elconquistadorredloslagos.cl\/test\/wp-json\/wp\/v2\/posts\/12388\/revisions\/12391"}],"wp:featuredmedia":[{"embeddable":true,"href":"https:\/\/elconquistadorredloslagos.cl\/test\/wp-json\/wp\/v2\/media\/12390"}],"wp:attachment":[{"href":"https:\/\/elconquistadorredloslagos.cl\/test\/wp-json\/wp\/v2\/media?parent=12388"}],"wp:term":[{"taxonomy":"category","embeddable":true,"href":"https:\/\/elconquistadorredloslagos.cl\/test\/wp-json\/wp\/v2\/categories?post=12388"},{"taxonomy":"post_tag","embeddable":true,"href":"https:\/\/elconquistadorredloslagos.cl\/test\/wp-json\/wp\/v2\/tags?post=12388"}],"curies":[{"name":"wp","href":"https:\/\/api.w.org\/{rel}","templated":true}]}}