{"id":12385,"date":"2025-07-18T18:40:42","date_gmt":"2025-07-18T22:40:42","guid":{"rendered":"https:\/\/elconquistadorredloslagos.cl\/test\/?p=12385"},"modified":"2025-07-18T18:40:43","modified_gmt":"2025-07-18T22:40:43","slug":"corte-de-apelaciones-confirma-prision-preventiva-por-robo-de-cables-en-alerce","status":"publish","type":"post","link":"https:\/\/elconquistadorredloslagos.cl\/test\/blog\/2025\/07\/18\/corte-de-apelaciones-confirma-prision-preventiva-por-robo-de-cables-en-alerce\/","title":{"rendered":"Corte de Apelaciones confirma prisi\u00f3n preventiva por robo de cables en Alerce"},"content":{"rendered":"\n<p>La Corte de Apelaciones de Puerto Montt ratific\u00f3 la prisi\u00f3n preventiva para un imputado vinculado al robo de cables de cobre en Alerce. La defensa del detenido present\u00f3 una apelaci\u00f3n, que fue rechazada, permitiendo que la medida cautelar m\u00e1s estricta se mantenga.<\/p>\n\n\n\n<p>El acusado enfrenta cargos por receptaci\u00f3n de bienes p\u00fablicos, tenencia de instrumentos para cometer robos y comercio ilegal, conforme al C\u00f3digo Tributario. Marcos Emilfork, jefe de la Unidad Penal Municipal (UPM), destac\u00f3 que la prisi\u00f3n es clave para proteger a la comunidad, debido al peligro que representa la conducta del imputado.<\/p>\n\n\n\n<p>Emilfork agreg\u00f3 que la sustracci\u00f3n de cables genera apagones, inseguridad y un da\u00f1o econ\u00f3mico significativo a las arcas municipales, que son patrimonio p\u00fablico a defender. Estas acciones afectan el alumbrado p\u00fablico y la calidad de vida de los vecinos, por lo que se refuerza la necesidad de medidas firmes contra estos delitos.<\/p>\n\n\n\n<p>\ud83d\udcf7 <a href=\"https:\/\/www.facebook.com\/munipuertomontt?__tn__=-UC*F\">Municipalidad de Puerto Montt<\/a> &#8211; Facebook<\/p>\n","protected":false},"excerpt":{"rendered":"<p>La Corte de Apelaciones de Puerto Montt ratific\u00f3 la prisi\u00f3n preventiva para un imputado vinculado al robo de cables de cobre en Alerce. La defensa del detenido present\u00f3 una apelaci\u00f3n,..<\/p>\n","protected":false},"author":2,"featured_media":12386,"comment_status":"closed","ping_status":"open","sticky":false,"template":"","format":"standard","meta":{"footnotes":""},"categories":[1,28,56],"tags":[],"class_list":["post-12385","post","type-post","status-publish","format-standard","has-post-thumbnail","hentry","category-acontecer","category-actual","category-puerto-montt"],"rttpg_featured_image_url":{"full":["https:\/\/elconquistadorredloslagos.cl\/test\/wp-content\/uploads\/2025\/07\/Diseno-sin-titulo-5-2.jpg",1920,1080,false],"landscape":["https:\/\/elconquistadorredloslagos.cl\/test\/wp-content\/uploads\/2025\/07\/Diseno-sin-titulo-5-2.jpg",1920,1080,false],"portraits":["https:\/\/elconquistadorredloslagos.cl\/test\/wp-content\/uploads\/2025\/07\/Diseno-sin-titulo-5-2.jpg",1920,1080,false],"thumbnail":["https:\/\/elconquistadorredloslagos.cl\/test\/wp-content\/uploads\/2025\/07\/Diseno-sin-titulo-5-2-150x150.jpg",150,150,true],"medium":["https:\/\/elconquistadorredloslagos.cl\/test\/wp-content\/uploads\/2025\/07\/Diseno-sin-titulo-5-2-300x169.jpg",300,169,true],"large":["https:\/\/elconquistadorredloslagos.cl\/test\/wp-content\/uploads\/2025\/07\/Diseno-sin-titulo-5-2-1024x576.jpg",1024,576,true],"1536x1536":["https:\/\/elconquistadorredloslagos.cl\/test\/wp-content\/uploads\/2025\/07\/Diseno-sin-titulo-5-2-1536x864.jpg",1536,864,true],"2048x2048":["https:\/\/elconquistadorredloslagos.cl\/test\/wp-content\/uploads\/2025\/07\/Diseno-sin-titulo-5-2.jpg",1920,1080,false]},"rttpg_author":{"display_name":"ccardenas","author_link":"https:\/\/elconquistadorredloslagos.cl\/test\/blog\/author\/ccardenas\/"},"rttpg_comment":0,"rttpg_category":"<a href=\"https:\/\/elconquistadorredloslagos.cl\/test\/blog\/category\/actual\/acontecer\/\" rel=\"category tag\">Acontecer<\/a> <a href=\"https:\/\/elconquistadorredloslagos.cl\/test\/blog\/category\/actual\/\" rel=\"category tag\">Actualidad<\/a> <a href=\"https:\/\/elconquistadorredloslagos.cl\/test\/blog\/category\/chile\/puerto-montt\/\" rel=\"category tag\">Puerto Montt<\/a>","rttpg_excerpt":"La Corte de Apelaciones de Puerto Montt ratific\u00f3 la prisi\u00f3n preventiva para un imputado vinculado al robo de cables de cobre en Alerce. La defensa del detenido present\u00f3 una apelaci\u00f3n,..","_links":{"self":[{"href":"https:\/\/elconquistadorredloslagos.cl\/test\/wp-json\/wp\/v2\/posts\/12385","targetHints":{"allow":["GET"]}}],"collection":[{"href":"https:\/\/elconquistadorredloslagos.cl\/test\/wp-json\/wp\/v2\/posts"}],"about":[{"href":"https:\/\/elconquistadorredloslagos.cl\/test\/wp-json\/wp\/v2\/types\/post"}],"author":[{"embeddable":true,"href":"https:\/\/elconquistadorredloslagos.cl\/test\/wp-json\/wp\/v2\/users\/2"}],"replies":[{"embeddable":true,"href":"https:\/\/elconquistadorredloslagos.cl\/test\/wp-json\/wp\/v2\/comments?post=12385"}],"version-history":[{"count":1,"href":"https:\/\/elconquistadorredloslagos.cl\/test\/wp-json\/wp\/v2\/posts\/12385\/revisions"}],"predecessor-version":[{"id":12387,"href":"https:\/\/elconquistadorredloslagos.cl\/test\/wp-json\/wp\/v2\/posts\/12385\/revisions\/12387"}],"wp:featuredmedia":[{"embeddable":true,"href":"https:\/\/elconquistadorredloslagos.cl\/test\/wp-json\/wp\/v2\/media\/12386"}],"wp:attachment":[{"href":"https:\/\/elconquistadorredloslagos.cl\/test\/wp-json\/wp\/v2\/media?parent=12385"}],"wp:term":[{"taxonomy":"category","embeddable":true,"href":"https:\/\/elconquistadorredloslagos.cl\/test\/wp-json\/wp\/v2\/categories?post=12385"},{"taxonomy":"post_tag","embeddable":true,"href":"https:\/\/elconquistadorredloslagos.cl\/test\/wp-json\/wp\/v2\/tags?post=12385"}],"curies":[{"name":"wp","href":"https:\/\/api.w.org\/{rel}","templated":true}]}}