{"id":12382,"date":"2025-07-18T18:34:35","date_gmt":"2025-07-18T22:34:35","guid":{"rendered":"https:\/\/elconquistadorredloslagos.cl\/test\/?p=12382"},"modified":"2025-07-18T18:34:35","modified_gmt":"2025-07-18T22:34:35","slug":"capacitan-a-docentes-de-chiloe-para-fortalecer-la-proteccion-de-la-infancia","status":"publish","type":"post","link":"https:\/\/elconquistadorredloslagos.cl\/test\/blog\/2025\/07\/18\/capacitan-a-docentes-de-chiloe-para-fortalecer-la-proteccion-de-la-infancia\/","title":{"rendered":"Capacitan a docentes de Chilo\u00e9 para fortalecer la protecci\u00f3n de la infancia"},"content":{"rendered":"\n<p>Un total de 140 docentes de establecimientos p\u00fablicos de Chilo\u00e9 participar\u00e1n en el Programa de Capacitaci\u00f3n Sello Red Protege 2025, que se desarrollar\u00e1 los d\u00edas 24 y 25 de julio en el auditorio de la Universidad de Los Lagos, sede Castro. La actividad busca promover comunidades escolares protectoras, capaces de prevenir, detectar e intervenir oportunamente ante situaciones de violencia o vulneraci\u00f3n de derechos que afecten a ni\u00f1os, ni\u00f1as y adolescentes.<\/p>\n\n\n\n<p>La jornada, impulsada por el Servicio de Salud Chilo\u00e9 junto al Tribunal de Familia de Castro y otras instituciones p\u00fablicas, forma parte de la estrategia intersectorial Red Protege. Esta red est\u00e1 integrada por organismos como Fiscal\u00eda, SLEP, Mejor Ni\u00f1ez, PDI, programas de apoyo a v\u00edctimas y equipos de salud mental y de infancia de la red hospitalaria de la provincia.<\/p>\n\n\n\n<p>Durante las sesiones se abordar\u00e1n tem\u00e1ticas como violencia cr\u00f3nica en la infancia, delitos sexuales digitales, salud mental infantojuvenil, contenci\u00f3n emocional y primeros auxilios psicol\u00f3gicos, entre otros. Expondr\u00e1n la magistrada Mar\u00eda Carolina Prieto, equipos del Hospital de Castro, PRM Ciudad del Ni\u00f1o, Brisexme, OLN Chonchi y Aldeas SOS.<\/p>\n\n\n\n<p>El programa se replicar\u00e1 el 11 y 12 de agosto con docentes de establecimientos particular subvencionados, ampliando el alcance del compromiso por una cultura de protecci\u00f3n infantil en el Archipi\u00e9lago.<\/p>\n\n\n\n<p><\/p>\n","protected":false},"excerpt":{"rendered":"<p>Un total de 140 docentes de establecimientos p\u00fablicos de Chilo\u00e9 participar\u00e1n en el Programa de Capacitaci\u00f3n Sello Red Protege 2025, que se desarrollar\u00e1 los d\u00edas 24 y 25 de julio..<\/p>\n","protected":false},"author":2,"featured_media":12383,"comment_status":"closed","ping_status":"open","sticky":false,"template":"","format":"standard","meta":{"footnotes":""},"categories":[1,28,51],"tags":[],"class_list":["post-12382","post","type-post","status-publish","format-standard","has-post-thumbnail","hentry","category-acontecer","category-actual","category-chiloe"],"rttpg_featured_image_url":{"full":["https:\/\/elconquistadorredloslagos.cl\/test\/wp-content\/uploads\/2025\/07\/Diseno-sin-titulo-4-2.jpg",1920,1080,false],"landscape":["https:\/\/elconquistadorredloslagos.cl\/test\/wp-content\/uploads\/2025\/07\/Diseno-sin-titulo-4-2.jpg",1920,1080,false],"portraits":["https:\/\/elconquistadorredloslagos.cl\/test\/wp-content\/uploads\/2025\/07\/Diseno-sin-titulo-4-2.jpg",1920,1080,false],"thumbnail":["https:\/\/elconquistadorredloslagos.cl\/test\/wp-content\/uploads\/2025\/07\/Diseno-sin-titulo-4-2-150x150.jpg",150,150,true],"medium":["https:\/\/elconquistadorredloslagos.cl\/test\/wp-content\/uploads\/2025\/07\/Diseno-sin-titulo-4-2-300x169.jpg",300,169,true],"large":["https:\/\/elconquistadorredloslagos.cl\/test\/wp-content\/uploads\/2025\/07\/Diseno-sin-titulo-4-2-1024x576.jpg",1024,576,true],"1536x1536":["https:\/\/elconquistadorredloslagos.cl\/test\/wp-content\/uploads\/2025\/07\/Diseno-sin-titulo-4-2-1536x864.jpg",1536,864,true],"2048x2048":["https:\/\/elconquistadorredloslagos.cl\/test\/wp-content\/uploads\/2025\/07\/Diseno-sin-titulo-4-2.jpg",1920,1080,false]},"rttpg_author":{"display_name":"ccardenas","author_link":"https:\/\/elconquistadorredloslagos.cl\/test\/blog\/author\/ccardenas\/"},"rttpg_comment":0,"rttpg_category":"<a href=\"https:\/\/elconquistadorredloslagos.cl\/test\/blog\/category\/actual\/acontecer\/\" rel=\"category tag\">Acontecer<\/a> <a href=\"https:\/\/elconquistadorredloslagos.cl\/test\/blog\/category\/actual\/\" rel=\"category tag\">Actualidad<\/a> <a href=\"https:\/\/elconquistadorredloslagos.cl\/test\/blog\/category\/chile\/chiloe\/\" rel=\"category tag\">Chilo\u00e9<\/a>","rttpg_excerpt":"Un total de 140 docentes de establecimientos p\u00fablicos de Chilo\u00e9 participar\u00e1n en el Programa de Capacitaci\u00f3n Sello Red Protege 2025, que se desarrollar\u00e1 los d\u00edas 24 y 25 de julio..","_links":{"self":[{"href":"https:\/\/elconquistadorredloslagos.cl\/test\/wp-json\/wp\/v2\/posts\/12382","targetHints":{"allow":["GET"]}}],"collection":[{"href":"https:\/\/elconquistadorredloslagos.cl\/test\/wp-json\/wp\/v2\/posts"}],"about":[{"href":"https:\/\/elconquistadorredloslagos.cl\/test\/wp-json\/wp\/v2\/types\/post"}],"author":[{"embeddable":true,"href":"https:\/\/elconquistadorredloslagos.cl\/test\/wp-json\/wp\/v2\/users\/2"}],"replies":[{"embeddable":true,"href":"https:\/\/elconquistadorredloslagos.cl\/test\/wp-json\/wp\/v2\/comments?post=12382"}],"version-history":[{"count":1,"href":"https:\/\/elconquistadorredloslagos.cl\/test\/wp-json\/wp\/v2\/posts\/12382\/revisions"}],"predecessor-version":[{"id":12384,"href":"https:\/\/elconquistadorredloslagos.cl\/test\/wp-json\/wp\/v2\/posts\/12382\/revisions\/12384"}],"wp:featuredmedia":[{"embeddable":true,"href":"https:\/\/elconquistadorredloslagos.cl\/test\/wp-json\/wp\/v2\/media\/12383"}],"wp:attachment":[{"href":"https:\/\/elconquistadorredloslagos.cl\/test\/wp-json\/wp\/v2\/media?parent=12382"}],"wp:term":[{"taxonomy":"category","embeddable":true,"href":"https:\/\/elconquistadorredloslagos.cl\/test\/wp-json\/wp\/v2\/categories?post=12382"},{"taxonomy":"post_tag","embeddable":true,"href":"https:\/\/elconquistadorredloslagos.cl\/test\/wp-json\/wp\/v2\/tags?post=12382"}],"curies":[{"name":"wp","href":"https:\/\/api.w.org\/{rel}","templated":true}]}}