{"id":12376,"date":"2025-07-18T18:29:23","date_gmt":"2025-07-18T22:29:23","guid":{"rendered":"https:\/\/elconquistadorredloslagos.cl\/test\/?p=12376"},"modified":"2025-07-18T18:29:24","modified_gmt":"2025-07-18T22:29:24","slug":"cae-uno-de-los-implicados-en-millonario-robo-a-tienda-movistar-en-ancud","status":"publish","type":"post","link":"https:\/\/elconquistadorredloslagos.cl\/test\/blog\/2025\/07\/18\/cae-uno-de-los-implicados-en-millonario-robo-a-tienda-movistar-en-ancud\/","title":{"rendered":"Cae uno de los implicados en millonario robo a tienda Movistar en Ancud"},"content":{"rendered":"\n<p>Luego de tres meses de intensas diligencias policiales y pericias a nivel nacional, uno de los autores del millonario robo a la sucursal Movistar en Ancud fue formalizado y qued\u00f3 en prisi\u00f3n preventiva. El antisocial fue capturado en un control en la Ruta 68, a la altura de Valpara\u00edso, por personal de Carabineros de Placilla de Pe\u00f1uelas. El individuo, de 33 a\u00f1os, fue formalizado ayer en Ancud por el delito de robo en lugar no habitado.<\/p>\n\n\n\n<p>El asalto ocurri\u00f3 la madrugada del 13 de abril, cuando un grupo delictual altamente organizado accedi\u00f3 al local ubicado en calle Pudeto en la comuna norte de Chilo\u00e9, forzando una ventana desde un restaurante colindante. Desde la bodega sustrajeron m\u00e1s de un centenar de celulares, accesorios tecnol\u00f3gicos y dinero en efectivo. El bot\u00edn, inicialmente calculado en m\u00e1s de 102 millones de pesos, fue finalmente avaluado en poco m\u00e1s de 61 millones.<\/p>\n\n\n\n<p>Las indagaciones estuvieron a cargo de la SIP de la Primera Comisar\u00eda de Ancud, lideradas por la mayor Cintya Sanhueza, quienes lograron establecer el modus operandi del grupo y su recorrido mediante el an\u00e1lisis de c\u00e1maras de seguridad del comercio afectado, la vigilancia municipal y domicilios cercanos.\u00a0 As\u00ed lo detall\u00f3 el fiscal Fernando Metzner.<\/p>\n\n\n\n<figure class=\"wp-block-audio\"><audio controls src=\"https:\/\/elconquistadorredloslagos.cl\/test\/wp-content\/uploads\/2025\/07\/CUNA-FISCAL-ANCUD-1.mp3\"><\/audio><\/figure>\n\n\n\n<p>Junto con ello, el persecutor detall\u00f3 que otro de los elementos clave fue la identificaci\u00f3n sobre el uso de dos veh\u00edculos (una camioneta y un Station Wagon) con una de las patentes adulteradas, en los que trasladaban herramientas y especies, entre otros elementos investigativos. Lo anterior permiti\u00f3 establecer la participaci\u00f3n de los imputados en el atraco.<\/p>\n\n\n\n<figure class=\"wp-block-audio\"><audio controls src=\"https:\/\/elconquistadorredloslagos.cl\/test\/wp-content\/uploads\/2025\/07\/CUNA-FISCAL-ANCUD-2.mp3\"><\/audio><\/figure>\n\n\n\n<p>En este contexto, el fiscal Fernando Metzner solicit\u00f3 la prisi\u00f3n preventiva, argumentando el alto peligro que representa para la sociedad, considerando adem\u00e1s sus condenas previas por delitos similares.<\/p>\n\n\n\n<figure class=\"wp-block-audio\"><audio controls src=\"https:\/\/elconquistadorredloslagos.cl\/test\/wp-content\/uploads\/2025\/07\/CUNA-FISCAL-ANCUD-3.mp3\"><\/audio><\/figure>\n\n\n\n<p>La jueza Ver\u00f3nica del Campo acogi\u00f3 la solicitud y fij\u00f3 un plazo de 90 d\u00edas para la investigaci\u00f3n. Otros dos involucrados ya se encuentran recluidos por un atraco similar en Coyhaique, mientras que dos miembros de la banda a\u00fan se mantienen pr\u00f3fugos. La investigaci\u00f3n dio un giro clave cuando dos de los implicados fueron detenidos en Santiago tras un nuevo robo en una tienda Movistar en Coyhaique, ocurrido entre el 10 y 12 de mayo, donde se llevaron especies avaluadas en 575 millones de pesos. A partir de esta acci\u00f3n, se logr\u00f3 vincularlos tambi\u00e9n al delito cometido en Ancud.<\/p>\n\n\n\n<p>\ud83d\udcf7 Redes sociales<\/p>\n","protected":false},"excerpt":{"rendered":"<p>Luego de tres meses de intensas diligencias policiales y pericias a nivel nacional, uno de los autores del millonario robo a la sucursal Movistar en Ancud fue formalizado y qued\u00f3..<\/p>\n","protected":false},"author":2,"featured_media":12380,"comment_status":"closed","ping_status":"open","sticky":false,"template":"","format":"standard","meta":{"footnotes":""},"categories":[1,28,51],"tags":[],"class_list":["post-12376","post","type-post","status-publish","format-standard","has-post-thumbnail","hentry","category-acontecer","category-actual","category-chiloe"],"rttpg_featured_image_url":{"full":["https:\/\/elconquistadorredloslagos.cl\/test\/wp-content\/uploads\/2025\/07\/Diseno-sin-titulo-3-3.jpg",1920,1080,false],"landscape":["https:\/\/elconquistadorredloslagos.cl\/test\/wp-content\/uploads\/2025\/07\/Diseno-sin-titulo-3-3.jpg",1920,1080,false],"portraits":["https:\/\/elconquistadorredloslagos.cl\/test\/wp-content\/uploads\/2025\/07\/Diseno-sin-titulo-3-3.jpg",1920,1080,false],"thumbnail":["https:\/\/elconquistadorredloslagos.cl\/test\/wp-content\/uploads\/2025\/07\/Diseno-sin-titulo-3-3-150x150.jpg",150,150,true],"medium":["https:\/\/elconquistadorredloslagos.cl\/test\/wp-content\/uploads\/2025\/07\/Diseno-sin-titulo-3-3-300x169.jpg",300,169,true],"large":["https:\/\/elconquistadorredloslagos.cl\/test\/wp-content\/uploads\/2025\/07\/Diseno-sin-titulo-3-3-1024x576.jpg",1024,576,true],"1536x1536":["https:\/\/elconquistadorredloslagos.cl\/test\/wp-content\/uploads\/2025\/07\/Diseno-sin-titulo-3-3-1536x864.jpg",1536,864,true],"2048x2048":["https:\/\/elconquistadorredloslagos.cl\/test\/wp-content\/uploads\/2025\/07\/Diseno-sin-titulo-3-3.jpg",1920,1080,false]},"rttpg_author":{"display_name":"ccardenas","author_link":"https:\/\/elconquistadorredloslagos.cl\/test\/blog\/author\/ccardenas\/"},"rttpg_comment":0,"rttpg_category":"<a href=\"https:\/\/elconquistadorredloslagos.cl\/test\/blog\/category\/actual\/acontecer\/\" rel=\"category tag\">Acontecer<\/a> <a href=\"https:\/\/elconquistadorredloslagos.cl\/test\/blog\/category\/actual\/\" rel=\"category tag\">Actualidad<\/a> <a href=\"https:\/\/elconquistadorredloslagos.cl\/test\/blog\/category\/chile\/chiloe\/\" rel=\"category tag\">Chilo\u00e9<\/a>","rttpg_excerpt":"Luego de tres meses de intensas diligencias policiales y pericias a nivel nacional, uno de los autores del millonario robo a la sucursal Movistar en Ancud fue formalizado y qued\u00f3..","_links":{"self":[{"href":"https:\/\/elconquistadorredloslagos.cl\/test\/wp-json\/wp\/v2\/posts\/12376","targetHints":{"allow":["GET"]}}],"collection":[{"href":"https:\/\/elconquistadorredloslagos.cl\/test\/wp-json\/wp\/v2\/posts"}],"about":[{"href":"https:\/\/elconquistadorredloslagos.cl\/test\/wp-json\/wp\/v2\/types\/post"}],"author":[{"embeddable":true,"href":"https:\/\/elconquistadorredloslagos.cl\/test\/wp-json\/wp\/v2\/users\/2"}],"replies":[{"embeddable":true,"href":"https:\/\/elconquistadorredloslagos.cl\/test\/wp-json\/wp\/v2\/comments?post=12376"}],"version-history":[{"count":1,"href":"https:\/\/elconquistadorredloslagos.cl\/test\/wp-json\/wp\/v2\/posts\/12376\/revisions"}],"predecessor-version":[{"id":12381,"href":"https:\/\/elconquistadorredloslagos.cl\/test\/wp-json\/wp\/v2\/posts\/12376\/revisions\/12381"}],"wp:featuredmedia":[{"embeddable":true,"href":"https:\/\/elconquistadorredloslagos.cl\/test\/wp-json\/wp\/v2\/media\/12380"}],"wp:attachment":[{"href":"https:\/\/elconquistadorredloslagos.cl\/test\/wp-json\/wp\/v2\/media?parent=12376"}],"wp:term":[{"taxonomy":"category","embeddable":true,"href":"https:\/\/elconquistadorredloslagos.cl\/test\/wp-json\/wp\/v2\/categories?post=12376"},{"taxonomy":"post_tag","embeddable":true,"href":"https:\/\/elconquistadorredloslagos.cl\/test\/wp-json\/wp\/v2\/tags?post=12376"}],"curies":[{"name":"wp","href":"https:\/\/api.w.org\/{rel}","templated":true}]}}