{"id":12373,"date":"2025-07-18T18:17:05","date_gmt":"2025-07-18T22:17:05","guid":{"rendered":"https:\/\/elconquistadorredloslagos.cl\/test\/?p=12373"},"modified":"2025-07-18T18:17:06","modified_gmt":"2025-07-18T22:17:06","slug":"refuerzan-seguridad-en-liceos-municipales-de-osorno-tras-peticion-estudiantil","status":"publish","type":"post","link":"https:\/\/elconquistadorredloslagos.cl\/test\/blog\/2025\/07\/18\/refuerzan-seguridad-en-liceos-municipales-de-osorno-tras-peticion-estudiantil\/","title":{"rendered":"Refuerzan seguridad en liceos municipales de Osorno tras petici\u00f3n estudiantil"},"content":{"rendered":"\n<p>Desde esta semana, la Municipalidad de Osorno intensific\u00f3 la vigilancia en los alrededores de seis liceos municipales, atendiendo una solicitud planteada por estudiantes en una reuni\u00f3n realizada en junio con el Departamento de Educaci\u00f3n Municipal.<\/p>\n\n\n\n<p>La medida contempla la presencia de inspectores de Seguridad P\u00fablica durante los horarios de mayor circulaci\u00f3n estudiantil. En concreto, se dispuso de dos funcionarios por establecimiento, quienes se mantendr\u00e1n en las inmediaciones entre las 07.30 y las 08.15 horas, y nuevamente al t\u00e9rmino de la jornada escolar.<\/p>\n\n\n\n<p>El plan de resguardo abarca los liceos Eleuterio Ram\u00edrez, Carmela Carvajal, Industrial, Rahue, adem\u00e1s del Instituto Comercial y el Polit\u00e9cnico. Seg\u00fan detall\u00f3 el director de Seguridad P\u00fablica, Enrique Jaque, el objetivo es entregar mayor tranquilidad a las comunidades educativas.<\/p>\n\n\n\n<p>Desde el DAEM destacaron la iniciativa, se\u00f1alando que este refuerzo permite disminuir la percepci\u00f3n de inseguridad y responder directamente a las preocupaciones expresadas por los propios estudiantes.<\/p>\n\n\n\n<p>\ud83d\udcf7 Redes sociales<\/p>\n","protected":false},"excerpt":{"rendered":"<p>Desde esta semana, la Municipalidad de Osorno intensific\u00f3 la vigilancia en los alrededores de seis liceos municipales, atendiendo una solicitud planteada por estudiantes en una reuni\u00f3n realizada en junio con..<\/p>\n","protected":false},"author":2,"featured_media":12374,"comment_status":"closed","ping_status":"open","sticky":false,"template":"","format":"standard","meta":{"footnotes":""},"categories":[1,28,39,55],"tags":[],"class_list":["post-12373","post","type-post","status-publish","format-standard","has-post-thumbnail","hentry","category-acontecer","category-actual","category-educacion","category-osorno"],"rttpg_featured_image_url":{"full":["https:\/\/elconquistadorredloslagos.cl\/test\/wp-content\/uploads\/2025\/07\/Diseno-sin-titulo-2-5.jpg",1920,1080,false],"landscape":["https:\/\/elconquistadorredloslagos.cl\/test\/wp-content\/uploads\/2025\/07\/Diseno-sin-titulo-2-5.jpg",1920,1080,false],"portraits":["https:\/\/elconquistadorredloslagos.cl\/test\/wp-content\/uploads\/2025\/07\/Diseno-sin-titulo-2-5.jpg",1920,1080,false],"thumbnail":["https:\/\/elconquistadorredloslagos.cl\/test\/wp-content\/uploads\/2025\/07\/Diseno-sin-titulo-2-5-150x150.jpg",150,150,true],"medium":["https:\/\/elconquistadorredloslagos.cl\/test\/wp-content\/uploads\/2025\/07\/Diseno-sin-titulo-2-5-300x169.jpg",300,169,true],"large":["https:\/\/elconquistadorredloslagos.cl\/test\/wp-content\/uploads\/2025\/07\/Diseno-sin-titulo-2-5-1024x576.jpg",1024,576,true],"1536x1536":["https:\/\/elconquistadorredloslagos.cl\/test\/wp-content\/uploads\/2025\/07\/Diseno-sin-titulo-2-5-1536x864.jpg",1536,864,true],"2048x2048":["https:\/\/elconquistadorredloslagos.cl\/test\/wp-content\/uploads\/2025\/07\/Diseno-sin-titulo-2-5.jpg",1920,1080,false]},"rttpg_author":{"display_name":"ccardenas","author_link":"https:\/\/elconquistadorredloslagos.cl\/test\/blog\/author\/ccardenas\/"},"rttpg_comment":0,"rttpg_category":"<a href=\"https:\/\/elconquistadorredloslagos.cl\/test\/blog\/category\/actual\/acontecer\/\" rel=\"category tag\">Acontecer<\/a> <a href=\"https:\/\/elconquistadorredloslagos.cl\/test\/blog\/category\/actual\/\" rel=\"category tag\">Actualidad<\/a> <a href=\"https:\/\/elconquistadorredloslagos.cl\/test\/blog\/category\/actual\/educacion\/\" rel=\"category tag\">Educaci\u00f3n<\/a> <a href=\"https:\/\/elconquistadorredloslagos.cl\/test\/blog\/category\/chile\/osorno\/\" rel=\"category tag\">Osorno<\/a>","rttpg_excerpt":"Desde esta semana, la Municipalidad de Osorno intensific\u00f3 la vigilancia en los alrededores de seis liceos municipales, atendiendo una solicitud planteada por estudiantes en una reuni\u00f3n realizada en junio con..","_links":{"self":[{"href":"https:\/\/elconquistadorredloslagos.cl\/test\/wp-json\/wp\/v2\/posts\/12373","targetHints":{"allow":["GET"]}}],"collection":[{"href":"https:\/\/elconquistadorredloslagos.cl\/test\/wp-json\/wp\/v2\/posts"}],"about":[{"href":"https:\/\/elconquistadorredloslagos.cl\/test\/wp-json\/wp\/v2\/types\/post"}],"author":[{"embeddable":true,"href":"https:\/\/elconquistadorredloslagos.cl\/test\/wp-json\/wp\/v2\/users\/2"}],"replies":[{"embeddable":true,"href":"https:\/\/elconquistadorredloslagos.cl\/test\/wp-json\/wp\/v2\/comments?post=12373"}],"version-history":[{"count":1,"href":"https:\/\/elconquistadorredloslagos.cl\/test\/wp-json\/wp\/v2\/posts\/12373\/revisions"}],"predecessor-version":[{"id":12375,"href":"https:\/\/elconquistadorredloslagos.cl\/test\/wp-json\/wp\/v2\/posts\/12373\/revisions\/12375"}],"wp:featuredmedia":[{"embeddable":true,"href":"https:\/\/elconquistadorredloslagos.cl\/test\/wp-json\/wp\/v2\/media\/12374"}],"wp:attachment":[{"href":"https:\/\/elconquistadorredloslagos.cl\/test\/wp-json\/wp\/v2\/media?parent=12373"}],"wp:term":[{"taxonomy":"category","embeddable":true,"href":"https:\/\/elconquistadorredloslagos.cl\/test\/wp-json\/wp\/v2\/categories?post=12373"},{"taxonomy":"post_tag","embeddable":true,"href":"https:\/\/elconquistadorredloslagos.cl\/test\/wp-json\/wp\/v2\/tags?post=12373"}],"curies":[{"name":"wp","href":"https:\/\/api.w.org\/{rel}","templated":true}]}}