{"id":12370,"date":"2025-07-18T18:11:39","date_gmt":"2025-07-18T22:11:39","guid":{"rendered":"https:\/\/elconquistadorredloslagos.cl\/test\/?p=12370"},"modified":"2025-07-18T18:11:40","modified_gmt":"2025-07-18T22:11:40","slug":"se-investigan-causas-de-incendio-que-destruyo-viviendas-en-osorno","status":"publish","type":"post","link":"https:\/\/elconquistadorredloslagos.cl\/test\/blog\/2025\/07\/18\/se-investigan-causas-de-incendio-que-destruyo-viviendas-en-osorno\/","title":{"rendered":"Se investigan causas de incendio que destruy\u00f3 viviendas en Osorno"},"content":{"rendered":"\n<p>Las causas de un incendio que la tarde del mi\u00e9rcoles destruy\u00f3 dos viviendas pareadas en el centro de Osorno est\u00e1n siendo investigadas por el Departamento T\u00e9cnico de Bomberos (DET). El siniestro se registr\u00f3 en el pasaje Paul Harris con Germ\u00e1n Hube y dej\u00f3 a seis personas damnificadas, entre ellas dos menores de edad.<\/p>\n\n\n\n<p>Aunque a\u00fan no hay una versi\u00f3n oficial sobre el origen del fuego, se manejan al menos dos hip\u00f3tesis, una de ellas de tipo el\u00e9ctrica. La confirmaci\u00f3n depender\u00e1 de los peritajes que est\u00e1n en curso.<\/p>\n\n\n\n<p>Debido a la ausencia de cortafuegos entre las estructuras, la emergencia oblig\u00f3 a decretar alarma general por el alto riesgo de propagaci\u00f3n. Las llamas causaron importantes da\u00f1os en el segundo piso y techumbres de ambas viviendas.<\/p>\n\n\n\n<p>La oportuna intervenci\u00f3n de Bomberos permiti\u00f3 rescatar a un adulto mayor que permanec\u00eda dentro de una de las casas afectadas. No se reportaron personas lesionadas, ni entre los ocupantes ni entre los voluntarios que trabajaron en el control del fuego.<\/p>\n\n\n\n<p>\ud83d\udcf7 Redes sociales<\/p>\n","protected":false},"excerpt":{"rendered":"<p>Las causas de un incendio que la tarde del mi\u00e9rcoles destruy\u00f3 dos viviendas pareadas en el centro de Osorno est\u00e1n siendo investigadas por el Departamento T\u00e9cnico de Bomberos (DET). El..<\/p>\n","protected":false},"author":2,"featured_media":12371,"comment_status":"closed","ping_status":"open","sticky":false,"template":"","format":"standard","meta":{"footnotes":""},"categories":[1,28,55],"tags":[],"class_list":["post-12370","post","type-post","status-publish","format-standard","has-post-thumbnail","hentry","category-acontecer","category-actual","category-osorno"],"rttpg_featured_image_url":{"full":["https:\/\/elconquistadorredloslagos.cl\/test\/wp-content\/uploads\/2025\/07\/Diseno-sin-titulo-1-7.jpg",1920,1080,false],"landscape":["https:\/\/elconquistadorredloslagos.cl\/test\/wp-content\/uploads\/2025\/07\/Diseno-sin-titulo-1-7.jpg",1920,1080,false],"portraits":["https:\/\/elconquistadorredloslagos.cl\/test\/wp-content\/uploads\/2025\/07\/Diseno-sin-titulo-1-7.jpg",1920,1080,false],"thumbnail":["https:\/\/elconquistadorredloslagos.cl\/test\/wp-content\/uploads\/2025\/07\/Diseno-sin-titulo-1-7-150x150.jpg",150,150,true],"medium":["https:\/\/elconquistadorredloslagos.cl\/test\/wp-content\/uploads\/2025\/07\/Diseno-sin-titulo-1-7-300x169.jpg",300,169,true],"large":["https:\/\/elconquistadorredloslagos.cl\/test\/wp-content\/uploads\/2025\/07\/Diseno-sin-titulo-1-7-1024x576.jpg",1024,576,true],"1536x1536":["https:\/\/elconquistadorredloslagos.cl\/test\/wp-content\/uploads\/2025\/07\/Diseno-sin-titulo-1-7-1536x864.jpg",1536,864,true],"2048x2048":["https:\/\/elconquistadorredloslagos.cl\/test\/wp-content\/uploads\/2025\/07\/Diseno-sin-titulo-1-7.jpg",1920,1080,false]},"rttpg_author":{"display_name":"ccardenas","author_link":"https:\/\/elconquistadorredloslagos.cl\/test\/blog\/author\/ccardenas\/"},"rttpg_comment":0,"rttpg_category":"<a href=\"https:\/\/elconquistadorredloslagos.cl\/test\/blog\/category\/actual\/acontecer\/\" rel=\"category tag\">Acontecer<\/a> <a href=\"https:\/\/elconquistadorredloslagos.cl\/test\/blog\/category\/actual\/\" rel=\"category tag\">Actualidad<\/a> <a href=\"https:\/\/elconquistadorredloslagos.cl\/test\/blog\/category\/chile\/osorno\/\" rel=\"category tag\">Osorno<\/a>","rttpg_excerpt":"Las causas de un incendio que la tarde del mi\u00e9rcoles destruy\u00f3 dos viviendas pareadas en el centro de Osorno est\u00e1n siendo investigadas por el Departamento T\u00e9cnico de Bomberos (DET). El..","_links":{"self":[{"href":"https:\/\/elconquistadorredloslagos.cl\/test\/wp-json\/wp\/v2\/posts\/12370","targetHints":{"allow":["GET"]}}],"collection":[{"href":"https:\/\/elconquistadorredloslagos.cl\/test\/wp-json\/wp\/v2\/posts"}],"about":[{"href":"https:\/\/elconquistadorredloslagos.cl\/test\/wp-json\/wp\/v2\/types\/post"}],"author":[{"embeddable":true,"href":"https:\/\/elconquistadorredloslagos.cl\/test\/wp-json\/wp\/v2\/users\/2"}],"replies":[{"embeddable":true,"href":"https:\/\/elconquistadorredloslagos.cl\/test\/wp-json\/wp\/v2\/comments?post=12370"}],"version-history":[{"count":1,"href":"https:\/\/elconquistadorredloslagos.cl\/test\/wp-json\/wp\/v2\/posts\/12370\/revisions"}],"predecessor-version":[{"id":12372,"href":"https:\/\/elconquistadorredloslagos.cl\/test\/wp-json\/wp\/v2\/posts\/12370\/revisions\/12372"}],"wp:featuredmedia":[{"embeddable":true,"href":"https:\/\/elconquistadorredloslagos.cl\/test\/wp-json\/wp\/v2\/media\/12371"}],"wp:attachment":[{"href":"https:\/\/elconquistadorredloslagos.cl\/test\/wp-json\/wp\/v2\/media?parent=12370"}],"wp:term":[{"taxonomy":"category","embeddable":true,"href":"https:\/\/elconquistadorredloslagos.cl\/test\/wp-json\/wp\/v2\/categories?post=12370"},{"taxonomy":"post_tag","embeddable":true,"href":"https:\/\/elconquistadorredloslagos.cl\/test\/wp-json\/wp\/v2\/tags?post=12370"}],"curies":[{"name":"wp","href":"https:\/\/api.w.org\/{rel}","templated":true}]}}