{"id":12366,"date":"2025-07-18T17:59:26","date_gmt":"2025-07-18T21:59:26","guid":{"rendered":"https:\/\/elconquistadorredloslagos.cl\/test\/?p=12366"},"modified":"2025-07-18T17:59:27","modified_gmt":"2025-07-18T21:59:27","slug":"obras-del-cesfam-angelmo-entran-en-su-recta-final","status":"publish","type":"post","link":"https:\/\/elconquistadorredloslagos.cl\/test\/blog\/2025\/07\/18\/obras-del-cesfam-angelmo-entran-en-su-recta-final\/","title":{"rendered":"Obras del CESFAM Angelm\u00f3 entran en su recta final"},"content":{"rendered":"\n<p>Con un 90% de avance el nuevo Centro de Salud Familiar (CESFAM) Angelm\u00f3 y el Servicio de Atenci\u00f3n Primaria de Urgencia de Alta Resolutividad (SAR) est\u00e1n pr\u00f3ximos a convertirse en realidad para los vecinos de Puerto Montt. As\u00ed lo confirmaron autoridades locales tras una reciente visita inspectiva al moderno recinto de tres pisos, cuya inversi\u00f3n bordea los 11 mil 900 millones de pesos.<\/p>\n\n\n\n<p>Durante el recorrido funcionarios municipales verificaron los progresos del proyecto, que busca robustecer la red de atenci\u00f3n primaria en sectores estrat\u00e9gicos como Mirasol, Alerce y el centro de la ciudad.<\/p>\n\n\n\n<p>El alcalde (s) Fernando Orellana destac\u00f3 el impacto positivo que tendr\u00e1 esta infraestructura en la comunidad, subrayando que la iniciativa es parte de un plan integral de fortalecimiento del sistema de salud local.<\/p>\n\n\n\n<p>Seg\u00fan lo proyectado, el CESFAM Angelm\u00f3 y el SAR abrir\u00e1n sus puertas antes de que finalice el a\u00f1o, mejorando el acceso y la calidad de los servicios para miles de usuarios de la comuna.<\/p>\n","protected":false},"excerpt":{"rendered":"<p>Con un 90% de avance el nuevo Centro de Salud Familiar (CESFAM) Angelm\u00f3 y el Servicio de Atenci\u00f3n Primaria de Urgencia de Alta Resolutividad (SAR) est\u00e1n pr\u00f3ximos a convertirse en..<\/p>\n","protected":false},"author":2,"featured_media":12367,"comment_status":"closed","ping_status":"open","sticky":false,"template":"","format":"standard","meta":{"footnotes":""},"categories":[1,28,56],"tags":[],"class_list":["post-12366","post","type-post","status-publish","format-standard","has-post-thumbnail","hentry","category-acontecer","category-actual","category-puerto-montt"],"rttpg_featured_image_url":{"full":["https:\/\/elconquistadorredloslagos.cl\/test\/wp-content\/uploads\/2025\/07\/Diseno-sin-titulo-55.jpg",1920,1080,false],"landscape":["https:\/\/elconquistadorredloslagos.cl\/test\/wp-content\/uploads\/2025\/07\/Diseno-sin-titulo-55.jpg",1920,1080,false],"portraits":["https:\/\/elconquistadorredloslagos.cl\/test\/wp-content\/uploads\/2025\/07\/Diseno-sin-titulo-55.jpg",1920,1080,false],"thumbnail":["https:\/\/elconquistadorredloslagos.cl\/test\/wp-content\/uploads\/2025\/07\/Diseno-sin-titulo-55-150x150.jpg",150,150,true],"medium":["https:\/\/elconquistadorredloslagos.cl\/test\/wp-content\/uploads\/2025\/07\/Diseno-sin-titulo-55-300x169.jpg",300,169,true],"large":["https:\/\/elconquistadorredloslagos.cl\/test\/wp-content\/uploads\/2025\/07\/Diseno-sin-titulo-55-1024x576.jpg",1024,576,true],"1536x1536":["https:\/\/elconquistadorredloslagos.cl\/test\/wp-content\/uploads\/2025\/07\/Diseno-sin-titulo-55-1536x864.jpg",1536,864,true],"2048x2048":["https:\/\/elconquistadorredloslagos.cl\/test\/wp-content\/uploads\/2025\/07\/Diseno-sin-titulo-55.jpg",1920,1080,false]},"rttpg_author":{"display_name":"ccardenas","author_link":"https:\/\/elconquistadorredloslagos.cl\/test\/blog\/author\/ccardenas\/"},"rttpg_comment":0,"rttpg_category":"<a href=\"https:\/\/elconquistadorredloslagos.cl\/test\/blog\/category\/actual\/acontecer\/\" rel=\"category tag\">Acontecer<\/a> <a href=\"https:\/\/elconquistadorredloslagos.cl\/test\/blog\/category\/actual\/\" rel=\"category tag\">Actualidad<\/a> <a href=\"https:\/\/elconquistadorredloslagos.cl\/test\/blog\/category\/chile\/puerto-montt\/\" rel=\"category tag\">Puerto Montt<\/a>","rttpg_excerpt":"Con un 90% de avance el nuevo Centro de Salud Familiar (CESFAM) Angelm\u00f3 y el Servicio de Atenci\u00f3n Primaria de Urgencia de Alta Resolutividad (SAR) est\u00e1n pr\u00f3ximos a convertirse en..","_links":{"self":[{"href":"https:\/\/elconquistadorredloslagos.cl\/test\/wp-json\/wp\/v2\/posts\/12366","targetHints":{"allow":["GET"]}}],"collection":[{"href":"https:\/\/elconquistadorredloslagos.cl\/test\/wp-json\/wp\/v2\/posts"}],"about":[{"href":"https:\/\/elconquistadorredloslagos.cl\/test\/wp-json\/wp\/v2\/types\/post"}],"author":[{"embeddable":true,"href":"https:\/\/elconquistadorredloslagos.cl\/test\/wp-json\/wp\/v2\/users\/2"}],"replies":[{"embeddable":true,"href":"https:\/\/elconquistadorredloslagos.cl\/test\/wp-json\/wp\/v2\/comments?post=12366"}],"version-history":[{"count":1,"href":"https:\/\/elconquistadorredloslagos.cl\/test\/wp-json\/wp\/v2\/posts\/12366\/revisions"}],"predecessor-version":[{"id":12368,"href":"https:\/\/elconquistadorredloslagos.cl\/test\/wp-json\/wp\/v2\/posts\/12366\/revisions\/12368"}],"wp:featuredmedia":[{"embeddable":true,"href":"https:\/\/elconquistadorredloslagos.cl\/test\/wp-json\/wp\/v2\/media\/12367"}],"wp:attachment":[{"href":"https:\/\/elconquistadorredloslagos.cl\/test\/wp-json\/wp\/v2\/media?parent=12366"}],"wp:term":[{"taxonomy":"category","embeddable":true,"href":"https:\/\/elconquistadorredloslagos.cl\/test\/wp-json\/wp\/v2\/categories?post=12366"},{"taxonomy":"post_tag","embeddable":true,"href":"https:\/\/elconquistadorredloslagos.cl\/test\/wp-json\/wp\/v2\/tags?post=12366"}],"curies":[{"name":"wp","href":"https:\/\/api.w.org\/{rel}","templated":true}]}}