{"id":12352,"date":"2025-07-18T16:47:22","date_gmt":"2025-07-18T20:47:22","guid":{"rendered":"https:\/\/elconquistadorredloslagos.cl\/test\/?p=12352"},"modified":"2025-07-18T16:47:23","modified_gmt":"2025-07-18T20:47:23","slug":"nueva-posta-de-salud-beneficiara-a-mas-de-300-vecinos-en-hualaihue","status":"publish","type":"post","link":"https:\/\/elconquistadorredloslagos.cl\/test\/blog\/2025\/07\/18\/nueva-posta-de-salud-beneficiara-a-mas-de-300-vecinos-en-hualaihue\/","title":{"rendered":"Nueva posta de salud beneficiar\u00e1 a m\u00e1s de 300 vecinos en Hualaihu\u00e9"},"content":{"rendered":"\n<p>Una importante noticia para la salud rural se concret\u00f3 en la comuna de Hualaihu\u00e9. El Gobierno Regional de Los Lagos firm\u00f3 un convenio con el Servicio de Salud Del Reloncav\u00ed y la Municipalidad de Hualaihu\u00e9 para iniciar la reposici\u00f3n de la Posta de Salud Rural de Rolecha, infraestructura que ya no cumpl\u00eda con los est\u00e1ndares exigidos por el Ministerio de Salud.<\/p>\n\n\n\n<p>El proyecto considera la demolici\u00f3n del antiguo edificio y la construcci\u00f3n de una nueva posta de 145 metros cuadrados, completamente equipada y con accesibilidad universal. La inversi\u00f3n alcanza los 486 millones de pesos, financiados a trav\u00e9s del Fondo Nacional de Desarrollo Regional (FNDR) y actualmente se encuentra en etapa de licitaci\u00f3n.<\/p>\n\n\n\n<p>El gobernador Alejandro Santana, destac\u00f3 el avance de este proyecto para poder acercar la salud a los sectores m\u00e1s aislados de la regi\u00f3n.<\/p>\n\n\n\n<figure class=\"wp-block-audio\"><audio controls src=\"https:\/\/elconquistadorredloslagos.cl\/test\/wp-content\/uploads\/2025\/07\/CUNA-SANTANA.mp3\"><\/audio><\/figure>\n\n\n\n<p>Tras a\u00f1os de espera, este nuevo recinto permitir\u00e1 mejorar de manera significativa la atenci\u00f3n de salud para m\u00e1s de 300 personas que habitan en este sector apartado. Lo anterior fue destacado por Mar\u00eda S\u00e1nchez, presidenta del Comit\u00e9 de Salud de Rolecha.<\/p>\n\n\n\n<figure class=\"wp-block-audio\"><audio controls src=\"https:\/\/elconquistadorredloslagos.cl\/test\/wp-content\/uploads\/2025\/07\/CUNA-VECINA.mp3\"><\/audio><\/figure>\n\n\n\n<p>Mismas palabras de la alcaldesa de Hualaihu\u00e9, Cristina Espinoza.<\/p>\n\n\n\n<figure class=\"wp-block-audio\"><audio controls src=\"https:\/\/elconquistadorredloslagos.cl\/test\/wp-content\/uploads\/2025\/07\/CUNA-ALCALDESA-.mp3\"><\/audio><\/figure>\n\n\n\n<p>Por su parte el consejero y presidente de la Comisi\u00f3n Palena del CORE, F\u00e9lix Vargas, enfatiz\u00f3 en el trabajo mancomunado de autoridades, instituciones y comunidad, para poder lograr concretar iniciativas como esta.<\/p>\n\n\n\n<figure class=\"wp-block-audio\"><audio controls src=\"https:\/\/elconquistadorredloslagos.cl\/test\/wp-content\/uploads\/2025\/07\/CUNA-CORE.mp3\"><\/audio><\/figure>\n\n\n\n<p>Entre las mejoras se incluyen instalaciones sanitarias, el\u00e9ctricas y de climatizaci\u00f3n, adem\u00e1s de nuevo mobiliario y equipamiento cl\u00ednico. Estas y otras caracter\u00edsticas fueron detalladas por la directora del Servicio de Salud del Reloncav\u00ed, B\u00e1rbara del Pino.<\/p>\n\n\n\n<figure class=\"wp-block-audio\"><audio controls src=\"https:\/\/elconquistadorredloslagos.cl\/test\/wp-content\/uploads\/2025\/07\/CUNA-RELONCAVI.mp3\"><\/audio><\/figure>\n\n\n\n<p>La nueva posta marcar\u00e1 un antes y un despu\u00e9s en la atenci\u00f3n primaria para cientos de vecinas y vecinos del sector.<\/p>\n","protected":false},"excerpt":{"rendered":"<p>Una importante noticia para la salud rural se concret\u00f3 en la comuna de Hualaihu\u00e9. El Gobierno Regional de Los Lagos firm\u00f3 un convenio con el Servicio de Salud Del Reloncav\u00ed..<\/p>\n","protected":false},"author":2,"featured_media":12358,"comment_status":"closed","ping_status":"open","sticky":false,"template":"","format":"standard","meta":{"footnotes":""},"categories":[1,28,56],"tags":[],"class_list":["post-12352","post","type-post","status-publish","format-standard","has-post-thumbnail","hentry","category-acontecer","category-actual","category-puerto-montt"],"rttpg_featured_image_url":{"full":["https:\/\/elconquistadorredloslagos.cl\/test\/wp-content\/uploads\/2025\/07\/Diseno-sin-titulo-53.jpg",1920,1080,false],"landscape":["https:\/\/elconquistadorredloslagos.cl\/test\/wp-content\/uploads\/2025\/07\/Diseno-sin-titulo-53.jpg",1920,1080,false],"portraits":["https:\/\/elconquistadorredloslagos.cl\/test\/wp-content\/uploads\/2025\/07\/Diseno-sin-titulo-53.jpg",1920,1080,false],"thumbnail":["https:\/\/elconquistadorredloslagos.cl\/test\/wp-content\/uploads\/2025\/07\/Diseno-sin-titulo-53-150x150.jpg",150,150,true],"medium":["https:\/\/elconquistadorredloslagos.cl\/test\/wp-content\/uploads\/2025\/07\/Diseno-sin-titulo-53-300x169.jpg",300,169,true],"large":["https:\/\/elconquistadorredloslagos.cl\/test\/wp-content\/uploads\/2025\/07\/Diseno-sin-titulo-53-1024x576.jpg",1024,576,true],"1536x1536":["https:\/\/elconquistadorredloslagos.cl\/test\/wp-content\/uploads\/2025\/07\/Diseno-sin-titulo-53-1536x864.jpg",1536,864,true],"2048x2048":["https:\/\/elconquistadorredloslagos.cl\/test\/wp-content\/uploads\/2025\/07\/Diseno-sin-titulo-53.jpg",1920,1080,false]},"rttpg_author":{"display_name":"ccardenas","author_link":"https:\/\/elconquistadorredloslagos.cl\/test\/blog\/author\/ccardenas\/"},"rttpg_comment":0,"rttpg_category":"<a href=\"https:\/\/elconquistadorredloslagos.cl\/test\/blog\/category\/actual\/acontecer\/\" rel=\"category tag\">Acontecer<\/a> <a href=\"https:\/\/elconquistadorredloslagos.cl\/test\/blog\/category\/actual\/\" rel=\"category tag\">Actualidad<\/a> <a href=\"https:\/\/elconquistadorredloslagos.cl\/test\/blog\/category\/chile\/puerto-montt\/\" rel=\"category tag\">Puerto Montt<\/a>","rttpg_excerpt":"Una importante noticia para la salud rural se concret\u00f3 en la comuna de Hualaihu\u00e9. El Gobierno Regional de Los Lagos firm\u00f3 un convenio con el Servicio de Salud Del Reloncav\u00ed..","_links":{"self":[{"href":"https:\/\/elconquistadorredloslagos.cl\/test\/wp-json\/wp\/v2\/posts\/12352","targetHints":{"allow":["GET"]}}],"collection":[{"href":"https:\/\/elconquistadorredloslagos.cl\/test\/wp-json\/wp\/v2\/posts"}],"about":[{"href":"https:\/\/elconquistadorredloslagos.cl\/test\/wp-json\/wp\/v2\/types\/post"}],"author":[{"embeddable":true,"href":"https:\/\/elconquistadorredloslagos.cl\/test\/wp-json\/wp\/v2\/users\/2"}],"replies":[{"embeddable":true,"href":"https:\/\/elconquistadorredloslagos.cl\/test\/wp-json\/wp\/v2\/comments?post=12352"}],"version-history":[{"count":1,"href":"https:\/\/elconquistadorredloslagos.cl\/test\/wp-json\/wp\/v2\/posts\/12352\/revisions"}],"predecessor-version":[{"id":12359,"href":"https:\/\/elconquistadorredloslagos.cl\/test\/wp-json\/wp\/v2\/posts\/12352\/revisions\/12359"}],"wp:featuredmedia":[{"embeddable":true,"href":"https:\/\/elconquistadorredloslagos.cl\/test\/wp-json\/wp\/v2\/media\/12358"}],"wp:attachment":[{"href":"https:\/\/elconquistadorredloslagos.cl\/test\/wp-json\/wp\/v2\/media?parent=12352"}],"wp:term":[{"taxonomy":"category","embeddable":true,"href":"https:\/\/elconquistadorredloslagos.cl\/test\/wp-json\/wp\/v2\/categories?post=12352"},{"taxonomy":"post_tag","embeddable":true,"href":"https:\/\/elconquistadorredloslagos.cl\/test\/wp-json\/wp\/v2\/tags?post=12352"}],"curies":[{"name":"wp","href":"https:\/\/api.w.org\/{rel}","templated":true}]}}