{"id":12347,"date":"2025-07-18T16:41:08","date_gmt":"2025-07-18T20:41:08","guid":{"rendered":"https:\/\/elconquistadorredloslagos.cl\/test\/?p=12347"},"modified":"2025-07-18T16:41:08","modified_gmt":"2025-07-18T20:41:08","slug":"alcalde-de-chonchi-gestiona-proyectos-culturales-con-apoyo-del-ministerio-de-las-culturas","status":"publish","type":"post","link":"https:\/\/elconquistadorredloslagos.cl\/test\/blog\/2025\/07\/18\/alcalde-de-chonchi-gestiona-proyectos-culturales-con-apoyo-del-ministerio-de-las-culturas\/","title":{"rendered":"Alcalde de Chonchi gestiona proyectos culturales con apoyo del Ministerio de las Culturas"},"content":{"rendered":"\n<p>Con el objetivo de proyectar nuevas iniciativas culturales y asegurar recursos para el rescate del patrimonio inmaterial, el alcalde de Chonchi, Fernando Oyarz\u00fan, sostuvo una reuni\u00f3n clave con la seremi de las Culturas, las Artes y el Patrimonio de la regi\u00f3n de Los Lagos, Ana Mar\u00eda Santos.<\/p>\n\n\n\n<p>Durante el encuentro, ambas autoridades revisaron l\u00edneas de financiamiento disponibles a nivel regional y nacional, incluyendo programas de inversi\u00f3n enfocados en la conmemoraci\u00f3n del Bicentenario de Chilo\u00e9, evento hist\u00f3rico que marcar\u00e1 los 200 a\u00f1os de la incorporaci\u00f3n del Archipi\u00e9lago al territorio nacional. As\u00ed lo indic\u00f3 el alcalde Oyarz\u00fan, valorando la disposici\u00f3n de la seremi para colaborar en esta tarea.<\/p>\n\n\n\n<figure class=\"wp-block-audio\"><audio controls src=\"https:\/\/elconquistadorredloslagos.cl\/test\/wp-content\/uploads\/2025\/07\/CUNA-ALCALDE-CHONCHI.mp3\"><\/audio><\/figure>\n\n\n\n<p>Por su parte, la seremi Ana Mar\u00eda Santos, indic\u00f3 que la finalidad es dar seguimiento a las iniciativas planteadas, las que buscan no solo preservar el legado cultural, sino tambi\u00e9n impulsar el desarrollo territorial desde la cultura y las artes.<\/p>\n\n\n\n<figure class=\"wp-block-audio\"><audio controls src=\"https:\/\/elconquistadorredloslagos.cl\/test\/wp-content\/uploads\/2025\/07\/CUNA-SEREMI-CULTURAS.mp3\"><\/audio><\/figure>\n\n\n\n<p>En la instancia tambi\u00e9n participaron el director de Desarrollo Comunitario (DIDECO), Eduardo Andrade, junto a los encargados de Cultura del municipio, Nicol\u00e1s \u00c1lvarez, y de la Corporaci\u00f3n Municipal, Fernando \u00c1lvarez, quienes sumaron antecedentes sobre proyectos que buscan fortalecer la identidad local.<\/p>\n\n\n\n<p><\/p>\n","protected":false},"excerpt":{"rendered":"<p>Con el objetivo de proyectar nuevas iniciativas culturales y asegurar recursos para el rescate del patrimonio inmaterial, el alcalde de Chonchi, Fernando Oyarz\u00fan, sostuvo una reuni\u00f3n clave con la seremi..<\/p>\n","protected":false},"author":2,"featured_media":12350,"comment_status":"closed","ping_status":"open","sticky":false,"template":"","format":"standard","meta":{"footnotes":""},"categories":[1,28,51,34,52],"tags":[],"class_list":["post-12347","post","type-post","status-publish","format-standard","has-post-thumbnail","hentry","category-acontecer","category-actual","category-chiloe","category-cultura","category-chile"],"rttpg_featured_image_url":{"full":["https:\/\/elconquistadorredloslagos.cl\/test\/wp-content\/uploads\/2025\/07\/Diseno-sin-titulo-52.jpg",1920,1080,false],"landscape":["https:\/\/elconquistadorredloslagos.cl\/test\/wp-content\/uploads\/2025\/07\/Diseno-sin-titulo-52.jpg",1920,1080,false],"portraits":["https:\/\/elconquistadorredloslagos.cl\/test\/wp-content\/uploads\/2025\/07\/Diseno-sin-titulo-52.jpg",1920,1080,false],"thumbnail":["https:\/\/elconquistadorredloslagos.cl\/test\/wp-content\/uploads\/2025\/07\/Diseno-sin-titulo-52-150x150.jpg",150,150,true],"medium":["https:\/\/elconquistadorredloslagos.cl\/test\/wp-content\/uploads\/2025\/07\/Diseno-sin-titulo-52-300x169.jpg",300,169,true],"large":["https:\/\/elconquistadorredloslagos.cl\/test\/wp-content\/uploads\/2025\/07\/Diseno-sin-titulo-52-1024x576.jpg",1024,576,true],"1536x1536":["https:\/\/elconquistadorredloslagos.cl\/test\/wp-content\/uploads\/2025\/07\/Diseno-sin-titulo-52-1536x864.jpg",1536,864,true],"2048x2048":["https:\/\/elconquistadorredloslagos.cl\/test\/wp-content\/uploads\/2025\/07\/Diseno-sin-titulo-52.jpg",1920,1080,false]},"rttpg_author":{"display_name":"ccardenas","author_link":"https:\/\/elconquistadorredloslagos.cl\/test\/blog\/author\/ccardenas\/"},"rttpg_comment":0,"rttpg_category":"<a href=\"https:\/\/elconquistadorredloslagos.cl\/test\/blog\/category\/actual\/acontecer\/\" rel=\"category tag\">Acontecer<\/a> <a href=\"https:\/\/elconquistadorredloslagos.cl\/test\/blog\/category\/actual\/\" rel=\"category tag\">Actualidad<\/a> <a href=\"https:\/\/elconquistadorredloslagos.cl\/test\/blog\/category\/chile\/chiloe\/\" rel=\"category tag\">Chilo\u00e9<\/a> <a href=\"https:\/\/elconquistadorredloslagos.cl\/test\/blog\/category\/cultura\/\" rel=\"category tag\">Cultural<\/a> <a href=\"https:\/\/elconquistadorredloslagos.cl\/test\/blog\/category\/chile\/\" rel=\"category tag\">Nacional<\/a>","rttpg_excerpt":"Con el objetivo de proyectar nuevas iniciativas culturales y asegurar recursos para el rescate del patrimonio inmaterial, el alcalde de Chonchi, Fernando Oyarz\u00fan, sostuvo una reuni\u00f3n clave con la seremi..","_links":{"self":[{"href":"https:\/\/elconquistadorredloslagos.cl\/test\/wp-json\/wp\/v2\/posts\/12347","targetHints":{"allow":["GET"]}}],"collection":[{"href":"https:\/\/elconquistadorredloslagos.cl\/test\/wp-json\/wp\/v2\/posts"}],"about":[{"href":"https:\/\/elconquistadorredloslagos.cl\/test\/wp-json\/wp\/v2\/types\/post"}],"author":[{"embeddable":true,"href":"https:\/\/elconquistadorredloslagos.cl\/test\/wp-json\/wp\/v2\/users\/2"}],"replies":[{"embeddable":true,"href":"https:\/\/elconquistadorredloslagos.cl\/test\/wp-json\/wp\/v2\/comments?post=12347"}],"version-history":[{"count":1,"href":"https:\/\/elconquistadorredloslagos.cl\/test\/wp-json\/wp\/v2\/posts\/12347\/revisions"}],"predecessor-version":[{"id":12351,"href":"https:\/\/elconquistadorredloslagos.cl\/test\/wp-json\/wp\/v2\/posts\/12347\/revisions\/12351"}],"wp:featuredmedia":[{"embeddable":true,"href":"https:\/\/elconquistadorredloslagos.cl\/test\/wp-json\/wp\/v2\/media\/12350"}],"wp:attachment":[{"href":"https:\/\/elconquistadorredloslagos.cl\/test\/wp-json\/wp\/v2\/media?parent=12347"}],"wp:term":[{"taxonomy":"category","embeddable":true,"href":"https:\/\/elconquistadorredloslagos.cl\/test\/wp-json\/wp\/v2\/categories?post=12347"},{"taxonomy":"post_tag","embeddable":true,"href":"https:\/\/elconquistadorredloslagos.cl\/test\/wp-json\/wp\/v2\/tags?post=12347"}],"curies":[{"name":"wp","href":"https:\/\/api.w.org\/{rel}","templated":true}]}}