{"id":12341,"date":"2025-07-17T18:32:31","date_gmt":"2025-07-17T22:32:31","guid":{"rendered":"https:\/\/elconquistadorredloslagos.cl\/test\/?p=12341"},"modified":"2025-07-17T18:32:32","modified_gmt":"2025-07-17T22:32:32","slug":"investigan-causas-de-incendio-que-afecto-viviendas-en-el-centro-de-osorno","status":"publish","type":"post","link":"https:\/\/elconquistadorredloslagos.cl\/test\/blog\/2025\/07\/17\/investigan-causas-de-incendio-que-afecto-viviendas-en-el-centro-de-osorno\/","title":{"rendered":"Investigan causas de incendio que afect\u00f3 viviendas en el centro de Osorno"},"content":{"rendered":"\n<p>Equipos especializados se encuentran investigando las causas que permitan determinar el origen del incendio que afect\u00f3 dos casas pareadas en el pasaje Paul Harris con Germ\u00e1n Hube, en el centro de Osorno. El siniestro provoc\u00f3 da\u00f1os en los techos y segundos pisos de ambas viviendas, con riesgo de propagaci\u00f3n a inmuebles cercanos.<\/p>\n\n\n\n<p>El comandante Javier Rupertus detall\u00f3 que la falta de cortafuegos oblig\u00f3 a activar la alarma general, lo que permiti\u00f3 controlar r\u00e1pidamente las llamas. Durante la emergencia, Bomberos rescat\u00f3 a un adulto mayor que permanec\u00eda atrapado en una de las casas.<\/p>\n\n\n\n<p>Entre las hip\u00f3tesis se baraja un posible origen el\u00e9ctrico, que ser\u00e1 confirmado por el Departamento T\u00e9cnico de Bomberos (DET). Seis personas resultaron damnificadas, incluyendo dos menores, sin reportes de heridos ni entre civiles ni bomberos.<\/p>\n\n\n\n<p>\ud83d\udcf7 Redes sociales<\/p>\n","protected":false},"excerpt":{"rendered":"<p>Equipos especializados se encuentran investigando las causas que permitan determinar el origen del incendio que afect\u00f3 dos casas pareadas en el pasaje Paul Harris con Germ\u00e1n Hube, en el centro..<\/p>\n","protected":false},"author":2,"featured_media":12342,"comment_status":"closed","ping_status":"open","sticky":false,"template":"","format":"standard","meta":{"footnotes":""},"categories":[1,28,55],"tags":[],"class_list":["post-12341","post","type-post","status-publish","format-standard","has-post-thumbnail","hentry","category-acontecer","category-actual","category-osorno"],"rttpg_featured_image_url":{"full":["https:\/\/elconquistadorredloslagos.cl\/test\/wp-content\/uploads\/2025\/07\/Diseno-sin-titulo-50.jpg",1920,1080,false],"landscape":["https:\/\/elconquistadorredloslagos.cl\/test\/wp-content\/uploads\/2025\/07\/Diseno-sin-titulo-50.jpg",1920,1080,false],"portraits":["https:\/\/elconquistadorredloslagos.cl\/test\/wp-content\/uploads\/2025\/07\/Diseno-sin-titulo-50.jpg",1920,1080,false],"thumbnail":["https:\/\/elconquistadorredloslagos.cl\/test\/wp-content\/uploads\/2025\/07\/Diseno-sin-titulo-50-150x150.jpg",150,150,true],"medium":["https:\/\/elconquistadorredloslagos.cl\/test\/wp-content\/uploads\/2025\/07\/Diseno-sin-titulo-50-300x169.jpg",300,169,true],"large":["https:\/\/elconquistadorredloslagos.cl\/test\/wp-content\/uploads\/2025\/07\/Diseno-sin-titulo-50-1024x576.jpg",1024,576,true],"1536x1536":["https:\/\/elconquistadorredloslagos.cl\/test\/wp-content\/uploads\/2025\/07\/Diseno-sin-titulo-50-1536x864.jpg",1536,864,true],"2048x2048":["https:\/\/elconquistadorredloslagos.cl\/test\/wp-content\/uploads\/2025\/07\/Diseno-sin-titulo-50.jpg",1920,1080,false]},"rttpg_author":{"display_name":"ccardenas","author_link":"https:\/\/elconquistadorredloslagos.cl\/test\/blog\/author\/ccardenas\/"},"rttpg_comment":0,"rttpg_category":"<a href=\"https:\/\/elconquistadorredloslagos.cl\/test\/blog\/category\/actual\/acontecer\/\" rel=\"category tag\">Acontecer<\/a> <a href=\"https:\/\/elconquistadorredloslagos.cl\/test\/blog\/category\/actual\/\" rel=\"category tag\">Actualidad<\/a> <a href=\"https:\/\/elconquistadorredloslagos.cl\/test\/blog\/category\/chile\/osorno\/\" rel=\"category tag\">Osorno<\/a>","rttpg_excerpt":"Equipos especializados se encuentran investigando las causas que permitan determinar el origen del incendio que afect\u00f3 dos casas pareadas en el pasaje Paul Harris con Germ\u00e1n Hube, en el centro..","_links":{"self":[{"href":"https:\/\/elconquistadorredloslagos.cl\/test\/wp-json\/wp\/v2\/posts\/12341","targetHints":{"allow":["GET"]}}],"collection":[{"href":"https:\/\/elconquistadorredloslagos.cl\/test\/wp-json\/wp\/v2\/posts"}],"about":[{"href":"https:\/\/elconquistadorredloslagos.cl\/test\/wp-json\/wp\/v2\/types\/post"}],"author":[{"embeddable":true,"href":"https:\/\/elconquistadorredloslagos.cl\/test\/wp-json\/wp\/v2\/users\/2"}],"replies":[{"embeddable":true,"href":"https:\/\/elconquistadorredloslagos.cl\/test\/wp-json\/wp\/v2\/comments?post=12341"}],"version-history":[{"count":1,"href":"https:\/\/elconquistadorredloslagos.cl\/test\/wp-json\/wp\/v2\/posts\/12341\/revisions"}],"predecessor-version":[{"id":12343,"href":"https:\/\/elconquistadorredloslagos.cl\/test\/wp-json\/wp\/v2\/posts\/12341\/revisions\/12343"}],"wp:featuredmedia":[{"embeddable":true,"href":"https:\/\/elconquistadorredloslagos.cl\/test\/wp-json\/wp\/v2\/media\/12342"}],"wp:attachment":[{"href":"https:\/\/elconquistadorredloslagos.cl\/test\/wp-json\/wp\/v2\/media?parent=12341"}],"wp:term":[{"taxonomy":"category","embeddable":true,"href":"https:\/\/elconquistadorredloslagos.cl\/test\/wp-json\/wp\/v2\/categories?post=12341"},{"taxonomy":"post_tag","embeddable":true,"href":"https:\/\/elconquistadorredloslagos.cl\/test\/wp-json\/wp\/v2\/tags?post=12341"}],"curies":[{"name":"wp","href":"https:\/\/api.w.org\/{rel}","templated":true}]}}