{"id":12334,"date":"2025-07-17T18:17:51","date_gmt":"2025-07-17T22:17:51","guid":{"rendered":"https:\/\/elconquistadorredloslagos.cl\/test\/?p=12334"},"modified":"2025-07-17T18:17:52","modified_gmt":"2025-07-17T22:17:52","slug":"dalcahue-se-va-al-chancho","status":"publish","type":"post","link":"https:\/\/elconquistadorredloslagos.cl\/test\/blog\/2025\/07\/17\/dalcahue-se-va-al-chancho\/","title":{"rendered":"\u00a1Dalcahue se va al Chancho!\u00a0"},"content":{"rendered":"\n<p>Este domingo 27 de julio, el parque Teguel se transformar\u00e1 en el epicentro de la gastronom\u00eda chilota con una fiesta que promete sabores \u00fanicos, m\u00fasica en vivo y actividades para toda la familia. La cita es entre las 11:00 y las 19:00 horas. <\/p>\n\n\n\n<p>La preparaci\u00f3n del evento ha contado con una rigurosa coordinaci\u00f3n sanitaria, liderada por la encargada del Departamento de Desarrollo Local, Marcela Staforelli, junto a profesionales de la Seremi de Salud. Se abordaron temas clave como la manipulaci\u00f3n segura de alimentos, los platos autorizados, precios regulados y compromisos firmados por cada m\u00f3dulo gastron\u00f3mico.<\/p>\n\n\n\n<figure class=\"wp-block-audio\"><audio controls src=\"https:\/\/elconquistadorredloslagos.cl\/test\/wp-content\/uploads\/2025\/07\/CUNA-MARCELA-STAFORELLI.mp3\"><\/audio><\/figure>\n\n\n\n<p>Adem\u00e1s, se anunciaron mejoras en la infraestructura del parque para entregar mejores condiciones a las agrupaciones encargadas de la venta de comidas. En los pr\u00f3ximos d\u00edas se realizar\u00e1 el sorteo de puestos, garantizando un proceso transparente, seg\u00fan confirm\u00f3 la alcaldesa Alejandra Villegas.<\/p>\n\n\n\n<p>La invitaci\u00f3n ya est\u00e1 hecha: ven a disfrutar, apoyar a los emprendedores locales y ser parte de una jornada que celebra lo mejor de nuestra identidad chilota.<\/p>\n\n\n\n<p>\ud83d\udcf7 <a href=\"https:\/\/www.facebook.com\/municipalidad.dalcahue?__cft__[0]=AZXkCGipIzpjhw8uLo_c_e28q7bk3HafpVf6qnokygZ__XjghUgS3p-KDRKuzNTZ17E0bDHARFGFUJLHzQseOBvemj3z64duayeW68wm_gPddCyguO4ObnRMjtZumoRPSBGzuAyp-4-vFehdONW5asmViyEoLH03Gcul5cITsG68zn4snSJ9rXXAVKNG6jwp4N0&amp;__tn__=-UC*F\">Ilustre Municipalidad de Dalcahue<\/a> &#8211; Facebook<\/p>\n","protected":false},"excerpt":{"rendered":"<p>Este domingo 27 de julio, el parque Teguel se transformar\u00e1 en el epicentro de la gastronom\u00eda chilota con una fiesta que promete sabores \u00fanicos, m\u00fasica en vivo y actividades para..<\/p>\n","protected":false},"author":2,"featured_media":12336,"comment_status":"closed","ping_status":"open","sticky":false,"template":"","format":"standard","meta":{"footnotes":""},"categories":[1,28,51],"tags":[],"class_list":["post-12334","post","type-post","status-publish","format-standard","has-post-thumbnail","hentry","category-acontecer","category-actual","category-chiloe"],"rttpg_featured_image_url":{"full":["https:\/\/elconquistadorredloslagos.cl\/test\/wp-content\/uploads\/2025\/07\/Diseno-sin-titulo-48.jpg",1920,1080,false],"landscape":["https:\/\/elconquistadorredloslagos.cl\/test\/wp-content\/uploads\/2025\/07\/Diseno-sin-titulo-48.jpg",1920,1080,false],"portraits":["https:\/\/elconquistadorredloslagos.cl\/test\/wp-content\/uploads\/2025\/07\/Diseno-sin-titulo-48.jpg",1920,1080,false],"thumbnail":["https:\/\/elconquistadorredloslagos.cl\/test\/wp-content\/uploads\/2025\/07\/Diseno-sin-titulo-48-150x150.jpg",150,150,true],"medium":["https:\/\/elconquistadorredloslagos.cl\/test\/wp-content\/uploads\/2025\/07\/Diseno-sin-titulo-48-300x169.jpg",300,169,true],"large":["https:\/\/elconquistadorredloslagos.cl\/test\/wp-content\/uploads\/2025\/07\/Diseno-sin-titulo-48-1024x576.jpg",1024,576,true],"1536x1536":["https:\/\/elconquistadorredloslagos.cl\/test\/wp-content\/uploads\/2025\/07\/Diseno-sin-titulo-48-1536x864.jpg",1536,864,true],"2048x2048":["https:\/\/elconquistadorredloslagos.cl\/test\/wp-content\/uploads\/2025\/07\/Diseno-sin-titulo-48.jpg",1920,1080,false]},"rttpg_author":{"display_name":"ccardenas","author_link":"https:\/\/elconquistadorredloslagos.cl\/test\/blog\/author\/ccardenas\/"},"rttpg_comment":0,"rttpg_category":"<a href=\"https:\/\/elconquistadorredloslagos.cl\/test\/blog\/category\/actual\/acontecer\/\" rel=\"category tag\">Acontecer<\/a> <a href=\"https:\/\/elconquistadorredloslagos.cl\/test\/blog\/category\/actual\/\" rel=\"category tag\">Actualidad<\/a> <a href=\"https:\/\/elconquistadorredloslagos.cl\/test\/blog\/category\/chile\/chiloe\/\" rel=\"category tag\">Chilo\u00e9<\/a>","rttpg_excerpt":"Este domingo 27 de julio, el parque Teguel se transformar\u00e1 en el epicentro de la gastronom\u00eda chilota con una fiesta que promete sabores \u00fanicos, m\u00fasica en vivo y actividades para..","_links":{"self":[{"href":"https:\/\/elconquistadorredloslagos.cl\/test\/wp-json\/wp\/v2\/posts\/12334","targetHints":{"allow":["GET"]}}],"collection":[{"href":"https:\/\/elconquistadorredloslagos.cl\/test\/wp-json\/wp\/v2\/posts"}],"about":[{"href":"https:\/\/elconquistadorredloslagos.cl\/test\/wp-json\/wp\/v2\/types\/post"}],"author":[{"embeddable":true,"href":"https:\/\/elconquistadorredloslagos.cl\/test\/wp-json\/wp\/v2\/users\/2"}],"replies":[{"embeddable":true,"href":"https:\/\/elconquistadorredloslagos.cl\/test\/wp-json\/wp\/v2\/comments?post=12334"}],"version-history":[{"count":1,"href":"https:\/\/elconquistadorredloslagos.cl\/test\/wp-json\/wp\/v2\/posts\/12334\/revisions"}],"predecessor-version":[{"id":12337,"href":"https:\/\/elconquistadorredloslagos.cl\/test\/wp-json\/wp\/v2\/posts\/12334\/revisions\/12337"}],"wp:featuredmedia":[{"embeddable":true,"href":"https:\/\/elconquistadorredloslagos.cl\/test\/wp-json\/wp\/v2\/media\/12336"}],"wp:attachment":[{"href":"https:\/\/elconquistadorredloslagos.cl\/test\/wp-json\/wp\/v2\/media?parent=12334"}],"wp:term":[{"taxonomy":"category","embeddable":true,"href":"https:\/\/elconquistadorredloslagos.cl\/test\/wp-json\/wp\/v2\/categories?post=12334"},{"taxonomy":"post_tag","embeddable":true,"href":"https:\/\/elconquistadorredloslagos.cl\/test\/wp-json\/wp\/v2\/tags?post=12334"}],"curies":[{"name":"wp","href":"https:\/\/api.w.org\/{rel}","templated":true}]}}