{"id":12331,"date":"2025-07-17T18:13:16","date_gmt":"2025-07-17T22:13:16","guid":{"rendered":"https:\/\/elconquistadorredloslagos.cl\/test\/?p=12331"},"modified":"2025-07-17T18:13:17","modified_gmt":"2025-07-17T22:13:17","slug":"municipio-de-osorno-presenta-querella-tras-balacera-que-dejo-cinco-heridos","status":"publish","type":"post","link":"https:\/\/elconquistadorredloslagos.cl\/test\/blog\/2025\/07\/17\/municipio-de-osorno-presenta-querella-tras-balacera-que-dejo-cinco-heridos\/","title":{"rendered":"Municipio de Osorno presenta querella tras balacera que dej\u00f3 cinco heridos"},"content":{"rendered":"\n<p>El municipio de Osorno present\u00f3 una querella criminal contra quienes resulten responsables del tiroteo ocurrido la madrugada del domingo 6 de julio en calle Portales, hecho que dej\u00f3 cinco personas heridas de diversa consideraci\u00f3n. La acci\u00f3n legal contempla los delitos de homicidio frustrado, lesiones, porte ilegal de arma de fuego y alteraci\u00f3n del orden p\u00fablico.<\/p>\n\n\n\n<p>El alcalde Jaime Bert\u00edn manifest\u00f3 que la municipalidad decidi\u00f3 sumarse a las diligencias del Ministerio P\u00fablico para dar con los autores del violento ataque.<\/p>\n\n\n\n<p>Adem\u00e1s de la querella, se solicit\u00f3 a la Direcci\u00f3n de Obras Municipales un catastro actualizado de los locales nocturnos ubicados en la zona afectada, para verificar si cumplen con la normativa de edificaci\u00f3n.<\/p>\n\n\n\n<p>De detectarse irregularidades, el municipio pedir\u00e1 al Juzgado de Polic\u00eda Local la demolici\u00f3n de aquellos recintos sin permisos. <\/p>\n\n\n\n<p>\ud83d\udcf7 Redes sociales<\/p>\n","protected":false},"excerpt":{"rendered":"<p>El municipio de Osorno present\u00f3 una querella criminal contra quienes resulten responsables del tiroteo ocurrido la madrugada del domingo 6 de julio en calle Portales, hecho que dej\u00f3 cinco personas..<\/p>\n","protected":false},"author":2,"featured_media":12332,"comment_status":"closed","ping_status":"open","sticky":false,"template":"","format":"standard","meta":{"footnotes":""},"categories":[1,28,55],"tags":[],"class_list":["post-12331","post","type-post","status-publish","format-standard","has-post-thumbnail","hentry","category-acontecer","category-actual","category-osorno"],"rttpg_featured_image_url":{"full":["https:\/\/elconquistadorredloslagos.cl\/test\/wp-content\/uploads\/2025\/07\/Diseno-sin-titulo-47.jpg",1920,1080,false],"landscape":["https:\/\/elconquistadorredloslagos.cl\/test\/wp-content\/uploads\/2025\/07\/Diseno-sin-titulo-47.jpg",1920,1080,false],"portraits":["https:\/\/elconquistadorredloslagos.cl\/test\/wp-content\/uploads\/2025\/07\/Diseno-sin-titulo-47.jpg",1920,1080,false],"thumbnail":["https:\/\/elconquistadorredloslagos.cl\/test\/wp-content\/uploads\/2025\/07\/Diseno-sin-titulo-47-150x150.jpg",150,150,true],"medium":["https:\/\/elconquistadorredloslagos.cl\/test\/wp-content\/uploads\/2025\/07\/Diseno-sin-titulo-47-300x169.jpg",300,169,true],"large":["https:\/\/elconquistadorredloslagos.cl\/test\/wp-content\/uploads\/2025\/07\/Diseno-sin-titulo-47-1024x576.jpg",1024,576,true],"1536x1536":["https:\/\/elconquistadorredloslagos.cl\/test\/wp-content\/uploads\/2025\/07\/Diseno-sin-titulo-47-1536x864.jpg",1536,864,true],"2048x2048":["https:\/\/elconquistadorredloslagos.cl\/test\/wp-content\/uploads\/2025\/07\/Diseno-sin-titulo-47.jpg",1920,1080,false]},"rttpg_author":{"display_name":"ccardenas","author_link":"https:\/\/elconquistadorredloslagos.cl\/test\/blog\/author\/ccardenas\/"},"rttpg_comment":0,"rttpg_category":"<a href=\"https:\/\/elconquistadorredloslagos.cl\/test\/blog\/category\/actual\/acontecer\/\" rel=\"category tag\">Acontecer<\/a> <a href=\"https:\/\/elconquistadorredloslagos.cl\/test\/blog\/category\/actual\/\" rel=\"category tag\">Actualidad<\/a> <a href=\"https:\/\/elconquistadorredloslagos.cl\/test\/blog\/category\/chile\/osorno\/\" rel=\"category tag\">Osorno<\/a>","rttpg_excerpt":"El municipio de Osorno present\u00f3 una querella criminal contra quienes resulten responsables del tiroteo ocurrido la madrugada del domingo 6 de julio en calle Portales, hecho que dej\u00f3 cinco personas..","_links":{"self":[{"href":"https:\/\/elconquistadorredloslagos.cl\/test\/wp-json\/wp\/v2\/posts\/12331","targetHints":{"allow":["GET"]}}],"collection":[{"href":"https:\/\/elconquistadorredloslagos.cl\/test\/wp-json\/wp\/v2\/posts"}],"about":[{"href":"https:\/\/elconquistadorredloslagos.cl\/test\/wp-json\/wp\/v2\/types\/post"}],"author":[{"embeddable":true,"href":"https:\/\/elconquistadorredloslagos.cl\/test\/wp-json\/wp\/v2\/users\/2"}],"replies":[{"embeddable":true,"href":"https:\/\/elconquistadorredloslagos.cl\/test\/wp-json\/wp\/v2\/comments?post=12331"}],"version-history":[{"count":1,"href":"https:\/\/elconquistadorredloslagos.cl\/test\/wp-json\/wp\/v2\/posts\/12331\/revisions"}],"predecessor-version":[{"id":12333,"href":"https:\/\/elconquistadorredloslagos.cl\/test\/wp-json\/wp\/v2\/posts\/12331\/revisions\/12333"}],"wp:featuredmedia":[{"embeddable":true,"href":"https:\/\/elconquistadorredloslagos.cl\/test\/wp-json\/wp\/v2\/media\/12332"}],"wp:attachment":[{"href":"https:\/\/elconquistadorredloslagos.cl\/test\/wp-json\/wp\/v2\/media?parent=12331"}],"wp:term":[{"taxonomy":"category","embeddable":true,"href":"https:\/\/elconquistadorredloslagos.cl\/test\/wp-json\/wp\/v2\/categories?post=12331"},{"taxonomy":"post_tag","embeddable":true,"href":"https:\/\/elconquistadorredloslagos.cl\/test\/wp-json\/wp\/v2\/tags?post=12331"}],"curies":[{"name":"wp","href":"https:\/\/api.w.org\/{rel}","templated":true}]}}