{"id":12319,"date":"2025-07-17T16:53:08","date_gmt":"2025-07-17T20:53:08","guid":{"rendered":"https:\/\/elconquistadorredloslagos.cl\/test\/?p=12319"},"modified":"2025-07-17T16:53:08","modified_gmt":"2025-07-17T20:53:08","slug":"hallazgo-de-osamentas-humanas-en-playa-de-ancud-moviliza-a-la-pdi","status":"publish","type":"post","link":"https:\/\/elconquistadorredloslagos.cl\/test\/blog\/2025\/07\/17\/hallazgo-de-osamentas-humanas-en-playa-de-ancud-moviliza-a-la-pdi\/","title":{"rendered":"Hallazgo de osamentas humanas en playa de Ancud moviliza a la PDI"},"content":{"rendered":"\n<p>El hallazgo de restos \u00f3seos en la playa de Mutrico en la comuna de Ancud, activ\u00f3 un operativo por parte de la Polic\u00eda de Investigaciones durante las \u00faltimas horas, luego de que un hombre que practicaba pesca deportiva encontrara osamentas humanas en la arena.<\/p>\n\n\n\n<p>Tras el sorpresivo descubrimiento, el testigo dio inmediato aviso a personal de la Armada, quienes concurrieron al lugar para verificar la situaci\u00f3n. Al confirmar la presencia de restos humanos, se dio paso a la intervenci\u00f3n de detectives de la Brigada de Homicidios de la PDI, provenientes de la unidad de Castro.<\/p>\n\n\n\n<p>Los peritos realizaron un levantamiento inicial en el sitio y estimaron que los restos tendr\u00edan una data de entre cinco a diez a\u00f1os. Sin embargo, ser\u00e1 el Servicio M\u00e9dico Legal (SML) el organismo encargado de realizar los an\u00e1lisis cient\u00edficos que permitan establecer con mayor precisi\u00f3n el tiempo de antig\u00fcedad, as\u00ed como otras eventuales pistas que ayuden a esclarecer la identidad de la persona fallecida y las circunstancias de su muerte.<\/p>\n\n\n\n<p>Detalles del procedimiento que fueron entregados por la subprefecto Carol S\u00e1nchez, jefa de la BICRIM de Castro.<\/p>\n\n\n\n<figure class=\"wp-block-audio\"><audio controls src=\"https:\/\/elconquistadorredloslagos.cl\/test\/wp-content\/uploads\/2025\/07\/CUNA-PDI-CASTRO.mp3\"><\/audio><\/figure>\n\n\n\n<p>Por ahora, las diligencias se mantienen en desarrollo, mientras las autoridades no descartan ninguna hip\u00f3tesis respecto al origen de los restos encontrados.<\/p>\n\n\n\n<p>\ud83d\udcf7 PDI<\/p>\n","protected":false},"excerpt":{"rendered":"<p>El hallazgo de restos \u00f3seos en la playa de Mutrico en la comuna de Ancud, activ\u00f3 un operativo por parte de la Polic\u00eda de Investigaciones durante las \u00faltimas horas, luego..<\/p>\n","protected":false},"author":2,"featured_media":12321,"comment_status":"closed","ping_status":"open","sticky":false,"template":"","format":"standard","meta":{"footnotes":""},"categories":[1,28,51],"tags":[],"class_list":["post-12319","post","type-post","status-publish","format-standard","has-post-thumbnail","hentry","category-acontecer","category-actual","category-chiloe"],"rttpg_featured_image_url":{"full":["https:\/\/elconquistadorredloslagos.cl\/test\/wp-content\/uploads\/2025\/07\/Diseno-sin-titulo-44.jpg",1920,1080,false],"landscape":["https:\/\/elconquistadorredloslagos.cl\/test\/wp-content\/uploads\/2025\/07\/Diseno-sin-titulo-44.jpg",1920,1080,false],"portraits":["https:\/\/elconquistadorredloslagos.cl\/test\/wp-content\/uploads\/2025\/07\/Diseno-sin-titulo-44.jpg",1920,1080,false],"thumbnail":["https:\/\/elconquistadorredloslagos.cl\/test\/wp-content\/uploads\/2025\/07\/Diseno-sin-titulo-44-150x150.jpg",150,150,true],"medium":["https:\/\/elconquistadorredloslagos.cl\/test\/wp-content\/uploads\/2025\/07\/Diseno-sin-titulo-44-300x169.jpg",300,169,true],"large":["https:\/\/elconquistadorredloslagos.cl\/test\/wp-content\/uploads\/2025\/07\/Diseno-sin-titulo-44-1024x576.jpg",1024,576,true],"1536x1536":["https:\/\/elconquistadorredloslagos.cl\/test\/wp-content\/uploads\/2025\/07\/Diseno-sin-titulo-44-1536x864.jpg",1536,864,true],"2048x2048":["https:\/\/elconquistadorredloslagos.cl\/test\/wp-content\/uploads\/2025\/07\/Diseno-sin-titulo-44.jpg",1920,1080,false]},"rttpg_author":{"display_name":"ccardenas","author_link":"https:\/\/elconquistadorredloslagos.cl\/test\/blog\/author\/ccardenas\/"},"rttpg_comment":0,"rttpg_category":"<a href=\"https:\/\/elconquistadorredloslagos.cl\/test\/blog\/category\/actual\/acontecer\/\" rel=\"category tag\">Acontecer<\/a> <a href=\"https:\/\/elconquistadorredloslagos.cl\/test\/blog\/category\/actual\/\" rel=\"category tag\">Actualidad<\/a> <a href=\"https:\/\/elconquistadorredloslagos.cl\/test\/blog\/category\/chile\/chiloe\/\" rel=\"category tag\">Chilo\u00e9<\/a>","rttpg_excerpt":"El hallazgo de restos \u00f3seos en la playa de Mutrico en la comuna de Ancud, activ\u00f3 un operativo por parte de la Polic\u00eda de Investigaciones durante las \u00faltimas horas, luego..","_links":{"self":[{"href":"https:\/\/elconquistadorredloslagos.cl\/test\/wp-json\/wp\/v2\/posts\/12319","targetHints":{"allow":["GET"]}}],"collection":[{"href":"https:\/\/elconquistadorredloslagos.cl\/test\/wp-json\/wp\/v2\/posts"}],"about":[{"href":"https:\/\/elconquistadorredloslagos.cl\/test\/wp-json\/wp\/v2\/types\/post"}],"author":[{"embeddable":true,"href":"https:\/\/elconquistadorredloslagos.cl\/test\/wp-json\/wp\/v2\/users\/2"}],"replies":[{"embeddable":true,"href":"https:\/\/elconquistadorredloslagos.cl\/test\/wp-json\/wp\/v2\/comments?post=12319"}],"version-history":[{"count":1,"href":"https:\/\/elconquistadorredloslagos.cl\/test\/wp-json\/wp\/v2\/posts\/12319\/revisions"}],"predecessor-version":[{"id":12322,"href":"https:\/\/elconquistadorredloslagos.cl\/test\/wp-json\/wp\/v2\/posts\/12319\/revisions\/12322"}],"wp:featuredmedia":[{"embeddable":true,"href":"https:\/\/elconquistadorredloslagos.cl\/test\/wp-json\/wp\/v2\/media\/12321"}],"wp:attachment":[{"href":"https:\/\/elconquistadorredloslagos.cl\/test\/wp-json\/wp\/v2\/media?parent=12319"}],"wp:term":[{"taxonomy":"category","embeddable":true,"href":"https:\/\/elconquistadorredloslagos.cl\/test\/wp-json\/wp\/v2\/categories?post=12319"},{"taxonomy":"post_tag","embeddable":true,"href":"https:\/\/elconquistadorredloslagos.cl\/test\/wp-json\/wp\/v2\/tags?post=12319"}],"curies":[{"name":"wp","href":"https:\/\/api.w.org\/{rel}","templated":true}]}}