{"id":12316,"date":"2025-07-17T16:46:49","date_gmt":"2025-07-17T20:46:49","guid":{"rendered":"https:\/\/elconquistadorredloslagos.cl\/test\/?p=12316"},"modified":"2025-07-17T16:46:50","modified_gmt":"2025-07-17T20:46:50","slug":"refuerzan-alerta-temprana-preventiva-por-intensas-lluvias-y-vientos-en-los-lagos","status":"publish","type":"post","link":"https:\/\/elconquistadorredloslagos.cl\/test\/blog\/2025\/07\/17\/refuerzan-alerta-temprana-preventiva-por-intensas-lluvias-y-vientos-en-los-lagos\/","title":{"rendered":"Refuerzan Alerta Temprana Preventiva por intensas lluvias y vientos en Los Lagos"},"content":{"rendered":"\n<p>La direcci\u00f3n regional del Servicio Nacional de Prevenci\u00f3n y Respuesta ante Desastres (SENAPRED) Los Lagos actualiz\u00f3 la Alerta Temprana Preventiva vigente desde el pasado s\u00e1bado 12 de julio, debido al fortalecimiento de un evento meteorol\u00f3gico que afectar\u00e1 a gran parte de la regi\u00f3n.<\/p>\n\n\n\n<p>Seg\u00fan la Direcci\u00f3n Meteorol\u00f3gica de Chile (DMC), se esperan precipitaciones de moderadas a fuertes y vientos normales a moderados, principalmente en Chilo\u00e9, litoral interior y Cordillera Austral.<\/p>\n\n\n\n<p>Para el jueves 17 de julio se prev\u00e9n entre 70 y 100 mil\u00edmetros de lluvia en la Cordillera Austral. Estas condiciones podr\u00edan favorecer la ocurrencia de remociones en masa, como deslizamientos o ca\u00eddas de rocas, especialmente en zonas de riesgo. El Servicio Nacional de Geolog\u00eda y Miner\u00eda (SERNAGEOMIN) ha evaluado como alta la posibilidad de estos fen\u00f3menos en la Cordillera Austral.<\/p>\n\n\n\n<p>Ante este panorama, SENAPRED ha instruido mantener activados los planes comunales y provinciales de emergencia, reforzar el monitoreo en puntos cr\u00edticos, verificar albergues, mantener operativos los enlaces de coordinaci\u00f3n y difundir medidas de autocuidado. Adem\u00e1s, se advierte a la poblaci\u00f3n sobre posibles afectaciones por desprendimientos de techumbres, interrupciones de servicios el\u00e9ctricos y complicaciones en la conectividad, tanto en sectores urbanos como rurales.<\/p>\n\n\n\n<p>El llamado es a evitar actividades al aire libre y mantenerse informado a trav\u00e9s de canales oficiales. Las autoridades seguir\u00e1n evaluando la evoluci\u00f3n del sistema frontal, manteniendo la alerta vigente hasta que las condiciones as\u00ed lo ameriten.<\/p>\n\n\n\n<p>\ud83d\udcf7 Referencial<\/p>\n","protected":false},"excerpt":{"rendered":"<p>La direcci\u00f3n regional del Servicio Nacional de Prevenci\u00f3n y Respuesta ante Desastres (SENAPRED) Los Lagos actualiz\u00f3 la Alerta Temprana Preventiva vigente desde el pasado s\u00e1bado 12 de julio, debido al..<\/p>\n","protected":false},"author":2,"featured_media":12317,"comment_status":"closed","ping_status":"open","sticky":false,"template":"","format":"standard","meta":{"footnotes":""},"categories":[1,28,51],"tags":[],"class_list":["post-12316","post","type-post","status-publish","format-standard","has-post-thumbnail","hentry","category-acontecer","category-actual","category-chiloe"],"rttpg_featured_image_url":{"full":["https:\/\/elconquistadorredloslagos.cl\/test\/wp-content\/uploads\/2025\/07\/Diseno-sin-titulo-43.jpg",1920,1080,false],"landscape":["https:\/\/elconquistadorredloslagos.cl\/test\/wp-content\/uploads\/2025\/07\/Diseno-sin-titulo-43.jpg",1920,1080,false],"portraits":["https:\/\/elconquistadorredloslagos.cl\/test\/wp-content\/uploads\/2025\/07\/Diseno-sin-titulo-43.jpg",1920,1080,false],"thumbnail":["https:\/\/elconquistadorredloslagos.cl\/test\/wp-content\/uploads\/2025\/07\/Diseno-sin-titulo-43-150x150.jpg",150,150,true],"medium":["https:\/\/elconquistadorredloslagos.cl\/test\/wp-content\/uploads\/2025\/07\/Diseno-sin-titulo-43-300x169.jpg",300,169,true],"large":["https:\/\/elconquistadorredloslagos.cl\/test\/wp-content\/uploads\/2025\/07\/Diseno-sin-titulo-43-1024x576.jpg",1024,576,true],"1536x1536":["https:\/\/elconquistadorredloslagos.cl\/test\/wp-content\/uploads\/2025\/07\/Diseno-sin-titulo-43-1536x864.jpg",1536,864,true],"2048x2048":["https:\/\/elconquistadorredloslagos.cl\/test\/wp-content\/uploads\/2025\/07\/Diseno-sin-titulo-43.jpg",1920,1080,false]},"rttpg_author":{"display_name":"ccardenas","author_link":"https:\/\/elconquistadorredloslagos.cl\/test\/blog\/author\/ccardenas\/"},"rttpg_comment":0,"rttpg_category":"<a href=\"https:\/\/elconquistadorredloslagos.cl\/test\/blog\/category\/actual\/acontecer\/\" rel=\"category tag\">Acontecer<\/a> <a href=\"https:\/\/elconquistadorredloslagos.cl\/test\/blog\/category\/actual\/\" rel=\"category tag\">Actualidad<\/a> <a href=\"https:\/\/elconquistadorredloslagos.cl\/test\/blog\/category\/chile\/chiloe\/\" rel=\"category tag\">Chilo\u00e9<\/a>","rttpg_excerpt":"La direcci\u00f3n regional del Servicio Nacional de Prevenci\u00f3n y Respuesta ante Desastres (SENAPRED) Los Lagos actualiz\u00f3 la Alerta Temprana Preventiva vigente desde el pasado s\u00e1bado 12 de julio, debido al..","_links":{"self":[{"href":"https:\/\/elconquistadorredloslagos.cl\/test\/wp-json\/wp\/v2\/posts\/12316","targetHints":{"allow":["GET"]}}],"collection":[{"href":"https:\/\/elconquistadorredloslagos.cl\/test\/wp-json\/wp\/v2\/posts"}],"about":[{"href":"https:\/\/elconquistadorredloslagos.cl\/test\/wp-json\/wp\/v2\/types\/post"}],"author":[{"embeddable":true,"href":"https:\/\/elconquistadorredloslagos.cl\/test\/wp-json\/wp\/v2\/users\/2"}],"replies":[{"embeddable":true,"href":"https:\/\/elconquistadorredloslagos.cl\/test\/wp-json\/wp\/v2\/comments?post=12316"}],"version-history":[{"count":1,"href":"https:\/\/elconquistadorredloslagos.cl\/test\/wp-json\/wp\/v2\/posts\/12316\/revisions"}],"predecessor-version":[{"id":12318,"href":"https:\/\/elconquistadorredloslagos.cl\/test\/wp-json\/wp\/v2\/posts\/12316\/revisions\/12318"}],"wp:featuredmedia":[{"embeddable":true,"href":"https:\/\/elconquistadorredloslagos.cl\/test\/wp-json\/wp\/v2\/media\/12317"}],"wp:attachment":[{"href":"https:\/\/elconquistadorredloslagos.cl\/test\/wp-json\/wp\/v2\/media?parent=12316"}],"wp:term":[{"taxonomy":"category","embeddable":true,"href":"https:\/\/elconquistadorredloslagos.cl\/test\/wp-json\/wp\/v2\/categories?post=12316"},{"taxonomy":"post_tag","embeddable":true,"href":"https:\/\/elconquistadorredloslagos.cl\/test\/wp-json\/wp\/v2\/tags?post=12316"}],"curies":[{"name":"wp","href":"https:\/\/api.w.org\/{rel}","templated":true}]}}