{"id":12009,"date":"2025-07-03T18:42:50","date_gmt":"2025-07-03T22:42:50","guid":{"rendered":"https:\/\/elconquistadorredloslagos.cl\/test\/?p=12009"},"modified":"2025-07-03T18:42:51","modified_gmt":"2025-07-03T22:42:51","slug":"vecinos-de-rahue-alto-acusan-abandono-de-proyecto-habitacional-en-ex-camping-arnoldo-keim","status":"publish","type":"post","link":"https:\/\/elconquistadorredloslagos.cl\/test\/blog\/2025\/07\/03\/vecinos-de-rahue-alto-acusan-abandono-de-proyecto-habitacional-en-ex-camping-arnoldo-keim\/","title":{"rendered":"Vecinos de Rahue Alto acusan abandono de proyecto habitacional en ex camping Arnoldo Keim"},"content":{"rendered":"\n<p>M\u00e1s de una d\u00e9cada ha pasado desde que se anunci\u00f3 el megaproyecto Barrio Parque Integrado en el sector poniente de Osorno, sobre los terrenos del ex camping Arnoldo Keim, considerado uno de los pocos pulmones verdes de la zona. La iniciativa nacida en 2014, tras la firma de un convenio entre el Ministerio de Vivienda (MINVU) y el municipio, promet\u00eda viviendas sociales como \u00e1reas recreativas, ferias itinerantes y paseos ribere\u00f1os junto al r\u00edo Rahue. Hoy sin embargo, sigue siendo una promesa en el papel.<\/p>\n\n\n\n<p>Vecinos del sector observan con decepci\u00f3n c\u00f3mo el terreno permanece sin urbanizar, sin viviendas ni obras visibles. Pese a los m\u00faltiples anuncios, el proyecto no ha avanzado m\u00e1s all\u00e1 de dise\u00f1os y estudios preliminares. Desde la Seremi de Vivienda, el titular Fabi\u00e1n Nail asegur\u00f3 que el plan sigue vigente, aunque condicionado a la aprobaci\u00f3n de una modificaci\u00f3n al plan regulador comunal, actualmente en revisi\u00f3n por Contralor\u00eda.<\/p>\n\n\n\n<p>La autoridad precis\u00f3 que se proyecta construir cerca de 1.800 viviendas por etapas, con criterios de sustentabilidad y prevenci\u00f3n de desastres. Mientras tanto, la comunidad contin\u00faa esperando que el Barrio Parque Integrado deje de ser solo un sue\u00f1o postergado.<\/p>\n","protected":false},"excerpt":{"rendered":"<p>M\u00e1s de una d\u00e9cada ha pasado desde que se anunci\u00f3 el megaproyecto Barrio Parque Integrado en el sector poniente de Osorno, sobre los terrenos del ex camping Arnoldo Keim, considerado..<\/p>\n","protected":false},"author":2,"featured_media":12010,"comment_status":"closed","ping_status":"open","sticky":false,"template":"","format":"standard","meta":{"footnotes":""},"categories":[1,28,55],"tags":[],"class_list":["post-12009","post","type-post","status-publish","format-standard","has-post-thumbnail","hentry","category-acontecer","category-actual","category-osorno"],"rttpg_featured_image_url":{"full":["https:\/\/elconquistadorredloslagos.cl\/test\/wp-content\/uploads\/2025\/07\/Diseno-sin-titulo-13.jpg",1920,1080,false],"landscape":["https:\/\/elconquistadorredloslagos.cl\/test\/wp-content\/uploads\/2025\/07\/Diseno-sin-titulo-13.jpg",1920,1080,false],"portraits":["https:\/\/elconquistadorredloslagos.cl\/test\/wp-content\/uploads\/2025\/07\/Diseno-sin-titulo-13.jpg",1920,1080,false],"thumbnail":["https:\/\/elconquistadorredloslagos.cl\/test\/wp-content\/uploads\/2025\/07\/Diseno-sin-titulo-13-150x150.jpg",150,150,true],"medium":["https:\/\/elconquistadorredloslagos.cl\/test\/wp-content\/uploads\/2025\/07\/Diseno-sin-titulo-13-300x169.jpg",300,169,true],"large":["https:\/\/elconquistadorredloslagos.cl\/test\/wp-content\/uploads\/2025\/07\/Diseno-sin-titulo-13-1024x576.jpg",1024,576,true],"1536x1536":["https:\/\/elconquistadorredloslagos.cl\/test\/wp-content\/uploads\/2025\/07\/Diseno-sin-titulo-13-1536x864.jpg",1536,864,true],"2048x2048":["https:\/\/elconquistadorredloslagos.cl\/test\/wp-content\/uploads\/2025\/07\/Diseno-sin-titulo-13.jpg",1920,1080,false]},"rttpg_author":{"display_name":"ccardenas","author_link":"https:\/\/elconquistadorredloslagos.cl\/test\/blog\/author\/ccardenas\/"},"rttpg_comment":0,"rttpg_category":"<a href=\"https:\/\/elconquistadorredloslagos.cl\/test\/blog\/category\/actual\/acontecer\/\" rel=\"category tag\">Acontecer<\/a> <a href=\"https:\/\/elconquistadorredloslagos.cl\/test\/blog\/category\/actual\/\" rel=\"category tag\">Actualidad<\/a> <a href=\"https:\/\/elconquistadorredloslagos.cl\/test\/blog\/category\/chile\/osorno\/\" rel=\"category tag\">Osorno<\/a>","rttpg_excerpt":"M\u00e1s de una d\u00e9cada ha pasado desde que se anunci\u00f3 el megaproyecto Barrio Parque Integrado en el sector poniente de Osorno, sobre los terrenos del ex camping Arnoldo Keim, considerado..","_links":{"self":[{"href":"https:\/\/elconquistadorredloslagos.cl\/test\/wp-json\/wp\/v2\/posts\/12009","targetHints":{"allow":["GET"]}}],"collection":[{"href":"https:\/\/elconquistadorredloslagos.cl\/test\/wp-json\/wp\/v2\/posts"}],"about":[{"href":"https:\/\/elconquistadorredloslagos.cl\/test\/wp-json\/wp\/v2\/types\/post"}],"author":[{"embeddable":true,"href":"https:\/\/elconquistadorredloslagos.cl\/test\/wp-json\/wp\/v2\/users\/2"}],"replies":[{"embeddable":true,"href":"https:\/\/elconquistadorredloslagos.cl\/test\/wp-json\/wp\/v2\/comments?post=12009"}],"version-history":[{"count":1,"href":"https:\/\/elconquistadorredloslagos.cl\/test\/wp-json\/wp\/v2\/posts\/12009\/revisions"}],"predecessor-version":[{"id":12011,"href":"https:\/\/elconquistadorredloslagos.cl\/test\/wp-json\/wp\/v2\/posts\/12009\/revisions\/12011"}],"wp:featuredmedia":[{"embeddable":true,"href":"https:\/\/elconquistadorredloslagos.cl\/test\/wp-json\/wp\/v2\/media\/12010"}],"wp:attachment":[{"href":"https:\/\/elconquistadorredloslagos.cl\/test\/wp-json\/wp\/v2\/media?parent=12009"}],"wp:term":[{"taxonomy":"category","embeddable":true,"href":"https:\/\/elconquistadorredloslagos.cl\/test\/wp-json\/wp\/v2\/categories?post=12009"},{"taxonomy":"post_tag","embeddable":true,"href":"https:\/\/elconquistadorredloslagos.cl\/test\/wp-json\/wp\/v2\/tags?post=12009"}],"curies":[{"name":"wp","href":"https:\/\/api.w.org\/{rel}","templated":true}]}}