{"id":12003,"date":"2025-07-03T18:27:16","date_gmt":"2025-07-03T22:27:16","guid":{"rendered":"https:\/\/elconquistadorredloslagos.cl\/test\/?p=12003"},"modified":"2025-07-03T18:27:17","modified_gmt":"2025-07-03T22:27:17","slug":"hallazgos-arqueologicos-en-terreno-del-futuro-hospital-de-puerto-varas-confirman-presencia-ancestral","status":"publish","type":"post","link":"https:\/\/elconquistadorredloslagos.cl\/test\/blog\/2025\/07\/03\/hallazgos-arqueologicos-en-terreno-del-futuro-hospital-de-puerto-varas-confirman-presencia-ancestral\/","title":{"rendered":"Hallazgos arqueol\u00f3gicos en terreno del futuro Hospital de Puerto Varas confirman presencia ancestral"},"content":{"rendered":"\n<p>Vestigios arqueol\u00f3gicos con m\u00e1s de mil a\u00f1os de antig\u00fcedad, fueron presentados por el Consejo de Monumentos Nacionales (CMN) ante representantes mapuche-huilliches de Puerto Varas, en el marco de la Mesa Territorial que agrupa a comunidades originarias de la zona.<\/p>\n\n\n\n<p>La exposici\u00f3n estuvo a cargo del arque\u00f3logo Gabriel Soto, de la Oficina T\u00e9cnica Regional de Los R\u00edos del CMN, quien entreg\u00f3 detalles sobre la caracterizaci\u00f3n del terreno donde se construir\u00e1 el nuevo Hospital de Puerto Varas. Seg\u00fan explic\u00f3, los restos cer\u00e1micos y l\u00edticos encontrados corresponden al periodo Alfarero Tard\u00edo, con una antig\u00fcedad estimada entre los a\u00f1os 900 y 1.500 d.C., lo que indica que el lugar pudo haber sido utilizado como asentamiento habitacional.<\/p>\n\n\n\n<p>El material arqueol\u00f3gico, actualmente bajo resguardo en el Museo de Ancud, forma parte del informe que detalla el valor patrimonial del sitio.<\/p>\n\n\n\n<p>La reuni\u00f3n cont\u00f3 con la participaci\u00f3n de autoridades tradicionales, como la consejera mapuche huilliche de Corporaci\u00f3n Nacional de Desarrollo Ind\u00edgena (CONADI) y la encargada de la Oficina de Pueblos Originarios del municipio local. Tambi\u00e9n asistieron representantes del Ministerio de Obras P\u00fablicas y del Servicio de Salud Reloncav\u00ed, entre ellos el equipo t\u00e9cnico del proyecto y encargadas de los departamentos de Participaci\u00f3n y Comunicaciones.<\/p>\n\n\n\n<p>\ud83d\udcf7 <a href=\"https:\/\/www.facebook.com\/SSReloncavi?__cft__[0]=AZXOjCLEF5vbbE9C_AHOmNuThzav1mf6UyfmIVfPohSxPwPgi9hZdK0x4nWbMZ767nM-Lzshd9vShTPWh8bpOlco3aL-KZB3hrqJ6hJIj4bmF2D7euAycyXz3Fu7LGFzX-rgqZQorsvYLxJwqdANu86GOnnfy7DTdEFXtM9YgW85sxdyMys2R5zr5pK7lnKzIL0&amp;__tn__=-UC*F\">Servicio de Salud Del Reloncav\u00ed<\/a> &#8211; Facebook<\/p>\n","protected":false},"excerpt":{"rendered":"<p>Vestigios arqueol\u00f3gicos con m\u00e1s de mil a\u00f1os de antig\u00fcedad, fueron presentados por el Consejo de Monumentos Nacionales (CMN) ante representantes mapuche-huilliches de Puerto Varas, en el marco de la Mesa..<\/p>\n","protected":false},"author":2,"featured_media":12004,"comment_status":"closed","ping_status":"open","sticky":false,"template":"","format":"standard","meta":{"footnotes":""},"categories":[1,28,54],"tags":[],"class_list":["post-12003","post","type-post","status-publish","format-standard","has-post-thumbnail","hentry","category-acontecer","category-actual","category-lago-llanquihue"],"rttpg_featured_image_url":{"full":["https:\/\/elconquistadorredloslagos.cl\/test\/wp-content\/uploads\/2025\/07\/Diseno-sin-titulo-11.jpg",1920,1080,false],"landscape":["https:\/\/elconquistadorredloslagos.cl\/test\/wp-content\/uploads\/2025\/07\/Diseno-sin-titulo-11.jpg",1920,1080,false],"portraits":["https:\/\/elconquistadorredloslagos.cl\/test\/wp-content\/uploads\/2025\/07\/Diseno-sin-titulo-11.jpg",1920,1080,false],"thumbnail":["https:\/\/elconquistadorredloslagos.cl\/test\/wp-content\/uploads\/2025\/07\/Diseno-sin-titulo-11-150x150.jpg",150,150,true],"medium":["https:\/\/elconquistadorredloslagos.cl\/test\/wp-content\/uploads\/2025\/07\/Diseno-sin-titulo-11-300x169.jpg",300,169,true],"large":["https:\/\/elconquistadorredloslagos.cl\/test\/wp-content\/uploads\/2025\/07\/Diseno-sin-titulo-11-1024x576.jpg",1024,576,true],"1536x1536":["https:\/\/elconquistadorredloslagos.cl\/test\/wp-content\/uploads\/2025\/07\/Diseno-sin-titulo-11-1536x864.jpg",1536,864,true],"2048x2048":["https:\/\/elconquistadorredloslagos.cl\/test\/wp-content\/uploads\/2025\/07\/Diseno-sin-titulo-11.jpg",1920,1080,false]},"rttpg_author":{"display_name":"ccardenas","author_link":"https:\/\/elconquistadorredloslagos.cl\/test\/blog\/author\/ccardenas\/"},"rttpg_comment":0,"rttpg_category":"<a href=\"https:\/\/elconquistadorredloslagos.cl\/test\/blog\/category\/actual\/acontecer\/\" rel=\"category tag\">Acontecer<\/a> <a href=\"https:\/\/elconquistadorredloslagos.cl\/test\/blog\/category\/actual\/\" rel=\"category tag\">Actualidad<\/a> <a href=\"https:\/\/elconquistadorredloslagos.cl\/test\/blog\/category\/chile\/lago-llanquihue\/\" rel=\"category tag\">Lago LLanquihue<\/a>","rttpg_excerpt":"Vestigios arqueol\u00f3gicos con m\u00e1s de mil a\u00f1os de antig\u00fcedad, fueron presentados por el Consejo de Monumentos Nacionales (CMN) ante representantes mapuche-huilliches de Puerto Varas, en el marco de la Mesa..","_links":{"self":[{"href":"https:\/\/elconquistadorredloslagos.cl\/test\/wp-json\/wp\/v2\/posts\/12003","targetHints":{"allow":["GET"]}}],"collection":[{"href":"https:\/\/elconquistadorredloslagos.cl\/test\/wp-json\/wp\/v2\/posts"}],"about":[{"href":"https:\/\/elconquistadorredloslagos.cl\/test\/wp-json\/wp\/v2\/types\/post"}],"author":[{"embeddable":true,"href":"https:\/\/elconquistadorredloslagos.cl\/test\/wp-json\/wp\/v2\/users\/2"}],"replies":[{"embeddable":true,"href":"https:\/\/elconquistadorredloslagos.cl\/test\/wp-json\/wp\/v2\/comments?post=12003"}],"version-history":[{"count":1,"href":"https:\/\/elconquistadorredloslagos.cl\/test\/wp-json\/wp\/v2\/posts\/12003\/revisions"}],"predecessor-version":[{"id":12005,"href":"https:\/\/elconquistadorredloslagos.cl\/test\/wp-json\/wp\/v2\/posts\/12003\/revisions\/12005"}],"wp:featuredmedia":[{"embeddable":true,"href":"https:\/\/elconquistadorredloslagos.cl\/test\/wp-json\/wp\/v2\/media\/12004"}],"wp:attachment":[{"href":"https:\/\/elconquistadorredloslagos.cl\/test\/wp-json\/wp\/v2\/media?parent=12003"}],"wp:term":[{"taxonomy":"category","embeddable":true,"href":"https:\/\/elconquistadorredloslagos.cl\/test\/wp-json\/wp\/v2\/categories?post=12003"},{"taxonomy":"post_tag","embeddable":true,"href":"https:\/\/elconquistadorredloslagos.cl\/test\/wp-json\/wp\/v2\/tags?post=12003"}],"curies":[{"name":"wp","href":"https:\/\/api.w.org\/{rel}","templated":true}]}}